{"id":17722,"date":"2021-06-11T17:37:26","date_gmt":"2021-06-11T20:37:26","guid":{"rendered":"https:\/\/guiadenoticias.com.ar\/diario\/?p=17722"},"modified":"2021-06-13T17:42:52","modified_gmt":"2021-06-13T20:42:52","slug":"sigue-la-ola-pero-amba-afloja-restricciones","status":"publish","type":"post","link":"https:\/\/guiadenoticias.com.ar\/diario\/sigue-la-ola-pero-amba-afloja-restricciones\/","title":{"rendered":"Sigue la ola, pero Amba afloja restricciones"},"content":{"rendered":"<p><strong>El gobierno nacional prorrog\u00f3 hasta el 25 de junio el Decreto de Necesidad y Urgencia (DNU) que fija un sem\u00e1foro epidemiol\u00f3gico para aplicar un distinto nivel de restricciones.<\/strong> En esta oportunidad, tambi\u00e9n habilit\u00f3 una flexibilizaci\u00f3n de las medidas en el AMBA. La decisi\u00f3n oficial dio lugar a un escenario at\u00edpico: en el Conurbano, Axel Kicillof permiti\u00f3 aperturas incluso m\u00e1s importantes que en la Ciudad en esferas como la educaci\u00f3n o la gastronom\u00eda. \u00bfAlgo que ver el calendario electoral?<\/p>\n<p>De hecho, <strong>el gobernador bonaerense anunci\u00f3, tras m\u00e1s de un mes y medio con aulas cerradas, el regreso a las clases presenciales en todos los niveles educativos del Gran Buenos Aires a partir del mi\u00e9rcoles pr\u00f3ximo<\/strong>. En la Ciudad, en cambio, los jardines maternales y la primaria seguir\u00e1n con presencialidad total mientras que la secundaria tendr\u00e1 un sistema bimodal. <strong>Respecto a los restaurantes, en el Conurbano podr\u00e1n atender de 6 a 23 al aire libre y en el interior de los locales con un aforo del 30%; mientras que en territorio porte\u00f1o la atenci\u00f3n ser\u00e1 en el mismo horario, pero s\u00f3lo en espacios abiertos.<\/strong><\/p>\n<p>En el caso de los comercios no esenciales, en cambio, en la Ciudad podr\u00e1n abrir hasta las 23, mientras que del otro lado de la General Paz lo har\u00e1n s\u00f3lo hasta las 20. Horacio Rodr\u00edguez Larreta, adem\u00e1s, reabrir\u00e1 los shoppings con aforo. En ambos distritos seguir\u00e1n prohibidas las reuniones sociales en domicilios particulares y se permitir\u00e1n encuentros en espacios abiertos de hasta diez personas.<\/p>\n<p>La flexibilizaci\u00f3n de las medidas en la zona metropolitana se da como consecuencia de una aplicaci\u00f3n de los par\u00e1metros del DNU nacional, pero tambi\u00e9n de una decisi\u00f3n pol\u00edtica, en medio del impacto econ\u00f3mico y de la dificultad para hacer cumplir las restricciones.<\/p>\n<p>En lo oficial, el Gobierno prorrogar\u00e1 el ante\u00faltimo DNU (el 287\/21) publicado en el Bolet\u00edn Oficial el 1 de mayo. Es decir, aquel que divide el pa\u00eds en cuatro fases (bajo, medio y alto riesgo y alarma epidemiol\u00f3gica) en funci\u00f3n de tres indicadores: aumento de los contagios en los \u00faltimos 14 d\u00edas (raz\u00f3n), cantidad de casos sobre la poblaci\u00f3n (incidencia) y ocupaci\u00f3n de las camas de terapia intensiva. No se dispusieron confinamientos adicionales a diferencia del \u00faltimo anuncio.<\/p>\n<p>En el breve anuncio, Alberto Fern\u00e1ndez cuestion\u00f3 que el Congreso no sancionara la ley que envi\u00f3 el Poder Ejecutivo para administrar la pandemia. \u201cLlegamos a un punto donde yo esperaba que una ley resolviera c\u00f3mo seguir trabajando el tema\u201d, lanz\u00f3.<\/p>\n<p>A diferencia de otras oportunidades, el Presidente opt\u00f3 por no hablar en cadena nacional ni emitir mensajes grabados. Lo dej\u00f3 en manos de cada gobernador y del jefe de Gobierno porte\u00f1o.<\/p>\n<p>Las provincias que generan mayor preocupaci\u00f3n por sus curvas ascendentes son C\u00f3rdoba, Santa Fe, Chaco, Mendoza y Neuqu\u00e9n. C\u00f3rdoba ya defini\u00f3 fuertes restricciones, con prohibici\u00f3n de circular a partir de las 20 y clases virtuales.<\/p>\n<p>En Casa Rosada, en tanto, hay fuerte preocupaci\u00f3n por la llegada de la variante delta, mucho m\u00e1s peligrosa, luego de que se detectaran y aislaran dos casos en Ezeiza. De hecho, no se descarta restringir a\u00fan m\u00e1s los vuelos al exterior.<\/p>\n","protected":false},"excerpt":{"rendered":"<p>El gobierno nacional prorrog\u00f3 hasta el 25 de junio el Decreto de Necesidad y Urgencia (DNU) que fija un sem\u00e1foro epidemiol\u00f3gico para aplicar un distinto nivel de restricciones. En esta oportunidad, tambi\u00e9n habilit\u00f3 una flexibilizaci\u00f3n de las medidas en el AMBA. La decisi\u00f3n oficial dio lugar a un escenario at\u00edpico: en el Conurbano, Axel Kicillof [&hellip;]<\/p>\n","protected":false},"author":1,"featured_media":17723,"comment_status":"closed","ping_status":"open","sticky":false,"template":"","format":"standard","meta":{"footnotes":""},"categories":[30,48,31],"tags":[82,83,81,95],"class_list":{"0":"post-17722","1":"post","2":"type-post","3":"status-publish","4":"format-standard","5":"has-post-thumbnail","7":"category-nacion","8":"category-politica-argentina","9":"category-provincia","10":"tag-alberto-fernandez","11":"tag-axel-kicillof","12":"tag-coronavirus","13":"tag-horacio-rodriguez-larreta"},"aioseo_notices":[],"_links":{"self":[{"href":"https:\/\/guiadenoticias.com.ar\/diario\/wp-json\/wp\/v2\/posts\/17722","targetHints":{"allow":["GET"]}}],"collection":[{"href":"https:\/\/guiadenoticias.com.ar\/diario\/wp-json\/wp\/v2\/posts"}],"about":[{"href":"https:\/\/guiadenoticias.com.ar\/diario\/wp-json\/wp\/v2\/types\/post"}],"author":[{"embeddable":true,"href":"https:\/\/guiadenoticias.com.ar\/diario\/wp-json\/wp\/v2\/users\/1"}],"replies":[{"embeddable":true,"href":"https:\/\/guiadenoticias.com.ar\/diario\/wp-json\/wp\/v2\/comments?post=17722"}],"version-history":[{"count":1,"href":"https:\/\/guiadenoticias.com.ar\/diario\/wp-json\/wp\/v2\/posts\/17722\/revisions"}],"predecessor-version":[{"id":17724,"href":"https:\/\/guiadenoticias.com.ar\/diario\/wp-json\/wp\/v2\/posts\/17722\/revisions\/17724"}],"wp:featuredmedia":[{"embeddable":true,"href":"https:\/\/guiadenoticias.com.ar\/diario\/wp-json\/wp\/v2\/media\/17723"}],"wp:attachment":[{"href":"https:\/\/guiadenoticias.com.ar\/diario\/wp-json\/wp\/v2\/media?parent=17722"}],"wp:term":[{"taxonomy":"category","embeddable":true,"href":"https:\/\/guiadenoticias.com.ar\/diario\/wp-json\/wp\/v2\/categories?post=17722"},{"taxonomy":"post_tag","embeddable":true,"href":"https:\/\/guiadenoticias.com.ar\/diario\/wp-json\/wp\/v2\/tags?post=17722"}],"curies":[{"name":"wp","href":"https:\/\/api.w.org\/{rel}","templated":true}]}}