{"id":17956,"date":"2021-07-10T22:49:25","date_gmt":"2021-07-11T01:49:25","guid":{"rendered":"https:\/\/guiadenoticias.com.ar\/diario\/?p=17956"},"modified":"2021-07-10T22:57:05","modified_gmt":"2021-07-11T01:57:05","slug":"vidal-ya-se-lanzo-como-candidata-a-diputada-portena","status":"publish","type":"post","link":"https:\/\/guiadenoticias.com.ar\/diario\/vidal-ya-se-lanzo-como-candidata-a-diputada-portena\/","title":{"rendered":"Vidal ya se lanz\u00f3 como candidata a diputada porte\u00f1a"},"content":{"rendered":"<p>\u201cEn esta elecci\u00f3n se juega el futuro de los argentinos\u201d, afirm\u00f3 Mar\u00eda Eugenia Vidal al lanzar este s\u00e1bado su precandidatura a diputado en la Ciudad de Buenos Aires, en un acto con la presencia de Horacio Rodr\u00edguez Larreta, Patricia Bullrich y los socios de Juntos por el Cambio en Capital. Tambi\u00e9n asegur\u00f3: \u201cNo compito en Provincia porque quiero que otros crezcan\u201d.<\/p>\n<p>\u201cAcepto esta candidatura porque es un momento muy dif\u00edcil y m\u00e1s que nunca siento que tengo que estar para defender a los argentinos de los atropellos y los abusos de poder. Quiero ir al Congreso para construir de nuevo la palabra futuro\u201d, sostuvo la ex gobernadora.<\/p>\n<p>Al justificar su cambio de distrito electoral, se\u00f1al\u00f3: \u201cA los bonaerenses les digo que mi compromiso y respeto no cambi\u00f3 ni va a cambiar nunca\u201d. Y agreg\u00f3: \u201cNunca especul\u00e9, nunca saqu\u00e9 ventaja. En cada lugar puse el cuerpo y di todas las batallas\u201d.<\/p>\n<p>\u201cQuiero ser diputada para levantar la voz, con otros, cuando avancen sobre nuestras libertades, la Constituci\u00f3n y nuestros valores\u201d, advirti\u00f3 Vidal al criticar al Gobierno, al que cuestion\u00f3 por tener \u201cm\u00e1s relato que respuestas\u201d y al que le atribuy\u00f3 \u201catropellos, abusos de poder, insensibilidad, improvisaci\u00f3n y distancia como forma de gobierno\u201d. Pero pidi\u00f3 no resignarse: \u201cNo es lo que hay, debemos construir algo mejor\u201d.<\/p>\n<p>Seg\u00fan la flamante precandidata porte\u00f1a, \u201clas dificultades son tan complejas que necesitamos ser siempre muchos m\u00e1s y necesitamos m\u00e1s liderazgos, m\u00e1s gente que se comprometa\u201d porque \u201cel cambio no lo puede hacer una persona, tenemos que ser muchos\u201d.<\/p>\n<p>Vidal fue la oradora principal de un acto realizado en Palermo, al aire libre, en una puesta en escena de la unidad que alcanz\u00f3 Juntos por el Cambio en Capital luego del renunciamiento de Bullrich a la candidatura. Adem\u00e1s de la presidenta del PRO y del jefe de Gobierno, estuvieron en primera fila el radical Mart\u00edn Lousteau; el jefe de la Coalici\u00f3n C\u00edvica, Maximiliano Ferraro, y el socialista Roy Cortina. Detr\u00e1s de ellos se encontraba Graciela Oca\u00f1a, l\u00edder de Confianza P\u00fablica, y j\u00f3venes de los partidos de JxC.<\/p>\n<p>En su discurso, Vidal comenz\u00f3 con un agradecimiento a Rodr\u00edguez Larreta por \u201cla propuesta, pero sobre todo por el trabajo de tantos a\u00f1os en la Ciudad y en la pandemia\u201d y tambi\u00e9n lo hizo con Bullrich, a quien le elogi\u00f3 \u201cla decisi\u00f3n (de renunciar a la candidatura) y haber elegido la unidad\u201d, y con Mauricio Macri, de quien destac\u00f3 haber sido \u201cquien inici\u00f3 este equipo y el que empez\u00f3 este camino de Estado que es la Ciudad de Buenos Aires\u201d. Tambi\u00e9n reconoci\u00f3 a Lousteau, Oca\u00f1a, Cortina y los aliados de JxC\u201d.<\/p>\n<p>Al aludir a su regreso a Capital insisti\u00f3 en que no hab\u00eda especulado y que su largo silencio obedeci\u00f3 a que \u201cquer\u00eda estar segura despu\u00e9s de 2019 de que hab\u00eda escuchado y hab\u00eda aprendido\u201d. Dijo que hab\u00eda escuchado que su alejamiento hab\u00eda tenido que ver con el miedo, pero destac\u00f3: \u201cNo es as\u00ed. En cada lugar puse el cuerpo y di todas las batallas. La pasi\u00f3n y el compromiso empujan esta decisi\u00f3n\u201d.<\/p>\n<p>Antes de Vidal, Rodr\u00edguez Larreta sostuvo que \u201ces un orgullo que Mar\u00eda Eugenia encabece nuestra lista de diputados, reflejando esta unidad, la vocaci\u00f3n de llevar al Congreso nuestros valores, como lo ha demostrado a lo largo de toda su carrera\u201d, y la calific\u00f3 en estos t\u00e9rminos: \u201cEs una persona honesta que tiene un compromiso enorme con mejorarle la vida a la gente\u201d.<\/p>\n<p>Resalt\u00f3, adem\u00e1s, \u201cla vocaci\u00f3n de unidad, de diversidad, que es la que estamos llevando adelante hacia todo el pa\u00eds\u201d con las listas de Juntos por el Cambio y asegur\u00f3 que \u201ces la primera vez, desde el 83 para ac\u00e1, que con el peronismo en el gobierno hemos logrado mantener la oposici\u00f3n unida\u201d.<\/p>\n<p>Desliz\u00f3 que \u201cestamos juntos no solamente en pos de un objetivo electoral sino defendiendo valores. Defendemos el valor de la diversidad, del consenso. Estamos convencidos de que la Argentina tiene que superar la grieta, que es un negocio de los pol\u00edticos que no le sirve a la gente\u201d.<\/p>\n<p>Bullrich, por su parte, consider\u00f3 que la Argentina \u201cest\u00e1 en un momento que es bisagra entre un pasado de decadencia y un anhelo de progreso\u201d, tras lo cual dijo que esa circunstancia \u201cnos pone en una enorme responsabilidad porque nos han elegido como la alternativa\u201d. En ese momento revel\u00f3 que la lista de candidatos porte\u00f1os \u201cest\u00e1 embargada\u201d, pero que \u201cse conocer\u00e1 en los pr\u00f3ximos d\u00edas\u201d.<\/p>\n<p>Lousteau comenz\u00f3 su discurso con un reconocimiento de que \u201chan sido dos a\u00f1os muy duros, donde hemos dado peleas importantes contra un gobierno nacional que atac\u00f3 a la Ciudad de Buenos Aires\u201d y puntualiz\u00f3: \u201cEstamos convencidos de que tenemos que presentar las mejores listas de candidatos posibles para mostrar un camino de futuro y lo que se est\u00e1 construyendo en todo el pa\u00eds tiene muestras de grandeza personales y partidarias\u201d.<\/p>\n<p>Si bien para el cierre de listas falta m\u00e1s de una semana, toda la jornada son\u00f3 con mucha fuerza que la ex gobernadora ser\u00e1 secundada por el economista Mart\u00edn Tetaz.<\/p>\n","protected":false},"excerpt":{"rendered":"<p>\u201cEn esta elecci\u00f3n se juega el futuro de los argentinos\u201d, afirm\u00f3 Mar\u00eda Eugenia Vidal al lanzar este s\u00e1bado su precandidatura a diputado en la Ciudad de Buenos Aires, en un acto con la presencia de Horacio Rodr\u00edguez Larreta, Patricia Bullrich y los socios de Juntos por el Cambio en Capital. Tambi\u00e9n asegur\u00f3: \u201cNo compito en [&hellip;]<\/p>\n","protected":false},"author":1,"featured_media":17957,"comment_status":"closed","ping_status":"open","sticky":false,"template":"","format":"standard","meta":{"footnotes":""},"categories":[69,30,48],"tags":[95,98,100,142],"class_list":{"0":"post-17956","1":"post","2":"type-post","3":"status-publish","4":"format-standard","5":"has-post-thumbnail","7":"category-ciudad-de-buenos-aires","8":"category-nacion","9":"category-politica-argentina","10":"tag-horacio-rodriguez-larreta","11":"tag-juntos-por-el-cambio","12":"tag-maria-eugenia-vidal","13":"tag-pro"},"aioseo_notices":[],"_links":{"self":[{"href":"https:\/\/guiadenoticias.com.ar\/diario\/wp-json\/wp\/v2\/posts\/17956","targetHints":{"allow":["GET"]}}],"collection":[{"href":"https:\/\/guiadenoticias.com.ar\/diario\/wp-json\/wp\/v2\/posts"}],"about":[{"href":"https:\/\/guiadenoticias.com.ar\/diario\/wp-json\/wp\/v2\/types\/post"}],"author":[{"embeddable":true,"href":"https:\/\/guiadenoticias.com.ar\/diario\/wp-json\/wp\/v2\/users\/1"}],"replies":[{"embeddable":true,"href":"https:\/\/guiadenoticias.com.ar\/diario\/wp-json\/wp\/v2\/comments?post=17956"}],"version-history":[{"count":1,"href":"https:\/\/guiadenoticias.com.ar\/diario\/wp-json\/wp\/v2\/posts\/17956\/revisions"}],"predecessor-version":[{"id":17958,"href":"https:\/\/guiadenoticias.com.ar\/diario\/wp-json\/wp\/v2\/posts\/17956\/revisions\/17958"}],"wp:featuredmedia":[{"embeddable":true,"href":"https:\/\/guiadenoticias.com.ar\/diario\/wp-json\/wp\/v2\/media\/17957"}],"wp:attachment":[{"href":"https:\/\/guiadenoticias.com.ar\/diario\/wp-json\/wp\/v2\/media?parent=17956"}],"wp:term":[{"taxonomy":"category","embeddable":true,"href":"https:\/\/guiadenoticias.com.ar\/diario\/wp-json\/wp\/v2\/categories?post=17956"},{"taxonomy":"post_tag","embeddable":true,"href":"https:\/\/guiadenoticias.com.ar\/diario\/wp-json\/wp\/v2\/tags?post=17956"}],"curies":[{"name":"wp","href":"https:\/\/api.w.org\/{rel}","templated":true}]}}