{"id":17963,"date":"2021-07-13T03:14:31","date_gmt":"2021-07-13T06:14:31","guid":{"rendered":"https:\/\/guiadenoticias.com.ar\/diario\/?p=17963"},"modified":"2021-07-14T03:15:05","modified_gmt":"2021-07-14T06:15:05","slug":"el-gobierno-anuncio-un-bono-para-jubilados-para-agosto","status":"publish","type":"post","link":"https:\/\/guiadenoticias.com.ar\/diario\/el-gobierno-anuncio-un-bono-para-jubilados-para-agosto\/","title":{"rendered":"El Gobierno anunci\u00f3 un bono para jubilados para agosto"},"content":{"rendered":"<p><strong>El Gobierno anunci\u00f3 que los jubilados que cobren dos haberes m\u00ednimos &#8211; m\u00e1s de 6 millones de personas &#8211; recibir\u00e1n un bono de 5 mil pesos en agosto, por \u00fanica vez.<\/strong> La encargada del anuncio fue la titular de la ANSES, Fernanda Raverta, en un acto que encabez\u00f3 el presidente Alberto Fern\u00e1ndez, en Lomas de Zamora<\/p>\n<p>El mandatario se\u00f1al\u00f3, \u00abnos preocupa mucho la situaci\u00f3n de los jubilados. Lo que no queremos es que sean la variable de ajuste\u00bb. Compartieron tambi\u00e9n escenario el gobernador bonaerense, Axel Kicillof, el intendente local, Mart\u00edn Insaurralde, y la titular del PAMI, Luana Volnovich.<\/p>\n<p>\u00abA la sociedad le dijimos que \u00edbamos a vacunar primero a los adultos mayores, y los cuidamos. Hoy m\u00e1s del 90% de los adultos mayores est\u00e1n vacunados. Y los seguimos cuidando cuando Fernanda (Raverta) mira atenta los ingresos de los jubilados y no deja que la inflaci\u00f3n atente contra sus ingresos\u00bb, mencion\u00f3 Fern\u00e1ndez.<\/p>\n<p>Minutos antes, Fernanda Raverta hab\u00eda dicho: \u00abCuando asumimos, un jubilado de la m\u00ednima cobraba 14 mil pesos, y con este bono, cobrar\u00e1 28 mil\u00bb. \u00abLas medidas de ayer, con las de hoy, nos van a presentar un ma\u00f1ana distinto\u00bb, agreg\u00f3.<\/p>\n<p>La titular de ANSES se\u00f1al\u00f3 que la situaci\u00f3n de los adultos mayores atraves\u00f3 momentos de dificultad ya que \u00aben dos a\u00f1os del gobierno anterior se hab\u00edan perdido 20 puntos de poder de compra\u00bb. Sin embargo, manifest\u00f3 que desde que asumi\u00f3 Fern\u00e1ndez se sancionaron \u201cleyes como tarifa diferencial para jubilados y jubiladas que viven donde hace frio, se congelaron las tarifas para todos y se aumentaron un poquito. Bajaron las tasas de inter\u00e9s. Se discuti\u00f3 una ley, que nos permiti\u00f3 tener una f\u00f3rmula que ahora actualiza los haberes cada tres meses, que garantiza que tengamos m\u00e1s y mejores jubilaciones\u00bb.<\/p>\n<p>A su turno, Luana Volnovich agradeci\u00f3 al jefe de Estado por cumplir con la promesa de campa\u00f1a referida a la gratuidad de los medicamentos. \u201cHoy tres millones y medio de personas como ustedes tienen su medicamento gratis. Antes uno de cada cuatro no pod\u00eda llevarse la receta, eso no existe m\u00e1s. La plata de los remedios la usa para cosas que los hacen felices\u201d.<\/p>\n<p>Asimismo, el gobernador Kicillof destac\u00f3 que la recomposici\u00f3n salarial y de los haberes es uno de los objetivos del gobierno, tanto local como nacional. \u00abNos comprometimos a recuperar el poder adquisitivo del salario. Va a tardar. Pero no podemos permitir que por actualizaci\u00f3n se pierda esa capacidad\u00bb, dijo.<\/p>\n<p>En el primer semestre del a\u00f1o y con la f\u00f3rmula vigente desde marzo, las jubilaciones recibieron un aumento que alcanza el 21,2 por ciento. Con una suba promedio de los precios del 3 por ciento en junio, la inflaci\u00f3n de la primera mitad de 2021 sumar\u00e1 25,1%, lo que representa una p\u00e9rdida de 3,1 por ciento con respecto al mismo semestre del a\u00f1o anterior.<\/p>\n","protected":false},"excerpt":{"rendered":"<p>El Gobierno anunci\u00f3 que los jubilados que cobren dos haberes m\u00ednimos &#8211; m\u00e1s de 6 millones de personas &#8211; recibir\u00e1n un bono de 5 mil pesos en agosto, por \u00fanica vez. La encargada del anuncio fue la titular de la ANSES, Fernanda Raverta, en un acto que encabez\u00f3 el presidente Alberto Fern\u00e1ndez, en Lomas de [&hellip;]<\/p>\n","protected":false},"author":1,"featured_media":17964,"comment_status":"closed","ping_status":"open","sticky":false,"template":"","format":"standard","meta":{"footnotes":""},"categories":[49,30,48],"tags":[82,170,169],"class_list":{"0":"post-17963","1":"post","2":"type-post","3":"status-publish","4":"format-standard","5":"has-post-thumbnail","7":"category-economia-y-gremiales","8":"category-nacion","9":"category-politica-argentina","10":"tag-alberto-fernandez","11":"tag-anses","12":"tag-pami"},"aioseo_notices":[],"_links":{"self":[{"href":"https:\/\/guiadenoticias.com.ar\/diario\/wp-json\/wp\/v2\/posts\/17963","targetHints":{"allow":["GET"]}}],"collection":[{"href":"https:\/\/guiadenoticias.com.ar\/diario\/wp-json\/wp\/v2\/posts"}],"about":[{"href":"https:\/\/guiadenoticias.com.ar\/diario\/wp-json\/wp\/v2\/types\/post"}],"author":[{"embeddable":true,"href":"https:\/\/guiadenoticias.com.ar\/diario\/wp-json\/wp\/v2\/users\/1"}],"replies":[{"embeddable":true,"href":"https:\/\/guiadenoticias.com.ar\/diario\/wp-json\/wp\/v2\/comments?post=17963"}],"version-history":[{"count":1,"href":"https:\/\/guiadenoticias.com.ar\/diario\/wp-json\/wp\/v2\/posts\/17963\/revisions"}],"predecessor-version":[{"id":17965,"href":"https:\/\/guiadenoticias.com.ar\/diario\/wp-json\/wp\/v2\/posts\/17963\/revisions\/17965"}],"wp:featuredmedia":[{"embeddable":true,"href":"https:\/\/guiadenoticias.com.ar\/diario\/wp-json\/wp\/v2\/media\/17964"}],"wp:attachment":[{"href":"https:\/\/guiadenoticias.com.ar\/diario\/wp-json\/wp\/v2\/media?parent=17963"}],"wp:term":[{"taxonomy":"category","embeddable":true,"href":"https:\/\/guiadenoticias.com.ar\/diario\/wp-json\/wp\/v2\/categories?post=17963"},{"taxonomy":"post_tag","embeddable":true,"href":"https:\/\/guiadenoticias.com.ar\/diario\/wp-json\/wp\/v2\/tags?post=17963"}],"curies":[{"name":"wp","href":"https:\/\/api.w.org\/{rel}","templated":true}]}}