{"id":17981,"date":"2021-07-15T01:33:28","date_gmt":"2021-07-15T04:33:28","guid":{"rendered":"https:\/\/guiadenoticias.com.ar\/diario\/?p=17981"},"modified":"2021-07-16T01:34:05","modified_gmt":"2021-07-16T04:34:05","slug":"jorge-macri-bajo-su-candidatura-y-empuja-la-unidad-en-provincia","status":"publish","type":"post","link":"https:\/\/guiadenoticias.com.ar\/diario\/jorge-macri-bajo-su-candidatura-y-empuja-la-unidad-en-provincia\/","title":{"rendered":"Jorge Macri baj\u00f3 su candidatura y empuja la unidad en Provincia"},"content":{"rendered":"<p>Tras un encuentro con <strong>Horacio Rodr\u00edguez Larreta, Jorge Macri decidi\u00f3 bajar su candidatura y no competir\u00e1 en la interna del PRO bonaerense<\/strong>. El intendente de Vicente L\u00f3pez le despeja as\u00ed el camino a Diego Santilli y, sobre todo, a Horacio Rodr\u00edguez Larreta, que emerge como el l\u00edder del macrismo.<\/p>\n<p>Facundo Manes no depondr\u00e1 su postulaci\u00f3n y en las \u00faltimas horas la gran inc\u00f3gnita es qu\u00e9 puesto de la lista quedaba para Emilio Monz\u00f3, el \u00faltimo d\u00edscolo del PRO tras los acuerdos de Miguel \u00c1ngel Pichetto y Jorge Macri, que negoci\u00f3 su renuncia a pocos metros de la casa de Rodr\u00edguez Larreta.<\/p>\n<p>Mientras, el vicejefe porte\u00f1o negocia a contrarreloj con Jorge Macri y supuestamente le ofrec\u00eda un legislador \u00abentrable\u00bb por cada una de las ocho secciones electorales, adem\u00e1s de un diputado nacional en los primeros lugares de la boleta.<\/p>\n<p>Si bien Jorge Macri intent\u00f3 resistir, finalmente cedi\u00f3, como sucedi\u00f3 en la Ciudad con Patricia Bullrich, quien dej\u00f3 de lado sus aspiraciones y apoy\u00f3 a Mar\u00eda Eugenia Vidal.<\/p>\n<p>\u00abFelicito a @jorgeMacri por su decisi\u00f3n. En estos tiempos, la grandeza del renunciamiento marca nuestro presente y futuro pol\u00edtico. Estamos m\u00e1s juntos que nunca para enfrentar con fuerza los problemas que tiene nuestro pa\u00eds y que vamos a solucionar\u00bb, indic\u00f3 Bullrich en su cuenta de Twitter.<\/p>\n<p><em>EL ANUNCIO, EN REDES<\/em><\/p>\n<p>En la tarde del jueves, el intendente eligi\u00f3 las redes sociales para comunicar que se bajaba. Compartimos el hilo de Twitter:<\/p>\n<p>\u201cHe tomado la decisi\u00f3n de no encabezar una tercera lista en la las pr\u00f3ximas elecciones. Llego a esta decisi\u00f3n convencido de que todos debemos ceder para fortalecer algo m\u00e1s grande que cada uno de nosotros. Yo hago este gesto, y creo que tambi\u00e9n otros deben hacerlo.<\/p>\n<p>Hace 17 a\u00f1os fui uno de los fundadores de este espacio. Soy parte del crecimiento de esta fuerza que hoy cuenta con legisladores e intendentes. Como presidente del PRO tengo la responsabilidad de consolidar nuestro partido y construir una alternativa al kirchnerismo en 2023.<\/p>\n<p>A la sociedad tenemos que llevarle soluciones, no problemas. El pa\u00eds est\u00e1 sin rumbo: la plata no alcanza, la pobreza sigue creciendo, no se genera empleo y el futuro es una inc\u00f3gnita. En este contexto, ir a las PASO ser\u00eda llevarle a la sociedad los problemas de los pol\u00edticos\u201d.<\/p>\n","protected":false},"excerpt":{"rendered":"<p>Tras un encuentro con Horacio Rodr\u00edguez Larreta, Jorge Macri decidi\u00f3 bajar su candidatura y no competir\u00e1 en la interna del PRO bonaerense. El intendente de Vicente L\u00f3pez le despeja as\u00ed el camino a Diego Santilli y, sobre todo, a Horacio Rodr\u00edguez Larreta, que emerge como el l\u00edder del macrismo. Facundo Manes no depondr\u00e1 su postulaci\u00f3n [&hellip;]<\/p>\n","protected":false},"author":1,"featured_media":17982,"comment_status":"closed","ping_status":"open","sticky":false,"template":"","format":"standard","meta":{"footnotes":""},"categories":[30,48,31],"tags":[95,71,98,142],"class_list":{"0":"post-17981","1":"post","2":"type-post","3":"status-publish","4":"format-standard","5":"has-post-thumbnail","7":"category-nacion","8":"category-politica-argentina","9":"category-provincia","10":"tag-horacio-rodriguez-larreta","11":"tag-jorge-macri","12":"tag-juntos-por-el-cambio","13":"tag-pro"},"aioseo_notices":[],"_links":{"self":[{"href":"https:\/\/guiadenoticias.com.ar\/diario\/wp-json\/wp\/v2\/posts\/17981","targetHints":{"allow":["GET"]}}],"collection":[{"href":"https:\/\/guiadenoticias.com.ar\/diario\/wp-json\/wp\/v2\/posts"}],"about":[{"href":"https:\/\/guiadenoticias.com.ar\/diario\/wp-json\/wp\/v2\/types\/post"}],"author":[{"embeddable":true,"href":"https:\/\/guiadenoticias.com.ar\/diario\/wp-json\/wp\/v2\/users\/1"}],"replies":[{"embeddable":true,"href":"https:\/\/guiadenoticias.com.ar\/diario\/wp-json\/wp\/v2\/comments?post=17981"}],"version-history":[{"count":1,"href":"https:\/\/guiadenoticias.com.ar\/diario\/wp-json\/wp\/v2\/posts\/17981\/revisions"}],"predecessor-version":[{"id":17983,"href":"https:\/\/guiadenoticias.com.ar\/diario\/wp-json\/wp\/v2\/posts\/17981\/revisions\/17983"}],"wp:featuredmedia":[{"embeddable":true,"href":"https:\/\/guiadenoticias.com.ar\/diario\/wp-json\/wp\/v2\/media\/17982"}],"wp:attachment":[{"href":"https:\/\/guiadenoticias.com.ar\/diario\/wp-json\/wp\/v2\/media?parent=17981"}],"wp:term":[{"taxonomy":"category","embeddable":true,"href":"https:\/\/guiadenoticias.com.ar\/diario\/wp-json\/wp\/v2\/categories?post=17981"},{"taxonomy":"post_tag","embeddable":true,"href":"https:\/\/guiadenoticias.com.ar\/diario\/wp-json\/wp\/v2\/tags?post=17981"}],"curies":[{"name":"wp","href":"https:\/\/api.w.org\/{rel}","templated":true}]}}