{"id":18009,"date":"2021-07-19T02:08:24","date_gmt":"2021-07-19T05:08:24","guid":{"rendered":"https:\/\/guiadenoticias.com.ar\/diario\/?p=18009"},"modified":"2021-07-20T02:09:38","modified_gmt":"2021-07-20T05:09:38","slug":"inauguracion-de-la-plaza-mariano-moreno","status":"publish","type":"post","link":"https:\/\/guiadenoticias.com.ar\/diario\/inauguracion-de-la-plaza-mariano-moreno\/","title":{"rendered":"Inauguraci\u00f3n de la plaza Mariano Moreno"},"content":{"rendered":"<p>El municipio de Tres de Febrero contin\u00faa con las transformaciones en diversos barrios, en el caso de S\u00e1enz Pe\u00f1a cre\u00f3 m\u00e1s espacios recreativos y seguros con la inauguraci\u00f3n de la plaza Mariano Moreno.<\/p>\n<p>Los trabajos en el parque ubicado en Avenida Am\u00e9rica y Florentino Ameghino incluyeron la reparaci\u00f3n de todos los senderos y veredas y la colocaci\u00f3n de nuevos juegos infantiles con \u00e1reas de piso de goma para cuidar a los m\u00e1s chicos.<\/p>\n<p>A su vez se cre\u00f3 una nueva \u00e1rea de descanso y una posta saludable para entrenamiento. Finalmente, se realiz\u00f3 la poda de mantenimiento y se pusieron en valor todas las especies de la plaza.<\/p>\n<p>\u201cLos vecinos y, especialmente, los chicos ya est\u00e1n disfrutando la plaza Mariano Moreno. No paramos de mejorar el espacio p\u00fablico en @Municipalidad3F\u201d, escribi\u00f3 el intendente Diego Valenzuela en redes sociales.<\/p>\n","protected":false},"excerpt":{"rendered":"<p>El municipio de Tres de Febrero contin\u00faa con las transformaciones en diversos barrios, en el caso de S\u00e1enz Pe\u00f1a cre\u00f3 m\u00e1s espacios recreativos y seguros con la inauguraci\u00f3n de la plaza Mariano Moreno. Los trabajos en el parque ubicado en Avenida Am\u00e9rica y Florentino Ameghino incluyeron la reparaci\u00f3n de todos los senderos y veredas y [&hellip;]<\/p>\n","protected":false},"author":1,"featured_media":18010,"comment_status":"closed","ping_status":"open","sticky":false,"template":"","format":"standard","meta":{"footnotes":""},"categories":[20,26],"tags":[],"class_list":{"0":"post-18009","1":"post","2":"type-post","3":"status-publish","4":"format-standard","5":"has-post-thumbnail","7":"category-municipios","8":"category-tres-de-febrero"},"aioseo_notices":[],"_links":{"self":[{"href":"https:\/\/guiadenoticias.com.ar\/diario\/wp-json\/wp\/v2\/posts\/18009","targetHints":{"allow":["GET"]}}],"collection":[{"href":"https:\/\/guiadenoticias.com.ar\/diario\/wp-json\/wp\/v2\/posts"}],"about":[{"href":"https:\/\/guiadenoticias.com.ar\/diario\/wp-json\/wp\/v2\/types\/post"}],"author":[{"embeddable":true,"href":"https:\/\/guiadenoticias.com.ar\/diario\/wp-json\/wp\/v2\/users\/1"}],"replies":[{"embeddable":true,"href":"https:\/\/guiadenoticias.com.ar\/diario\/wp-json\/wp\/v2\/comments?post=18009"}],"version-history":[{"count":1,"href":"https:\/\/guiadenoticias.com.ar\/diario\/wp-json\/wp\/v2\/posts\/18009\/revisions"}],"predecessor-version":[{"id":18011,"href":"https:\/\/guiadenoticias.com.ar\/diario\/wp-json\/wp\/v2\/posts\/18009\/revisions\/18011"}],"wp:featuredmedia":[{"embeddable":true,"href":"https:\/\/guiadenoticias.com.ar\/diario\/wp-json\/wp\/v2\/media\/18010"}],"wp:attachment":[{"href":"https:\/\/guiadenoticias.com.ar\/diario\/wp-json\/wp\/v2\/media?parent=18009"}],"wp:term":[{"taxonomy":"category","embeddable":true,"href":"https:\/\/guiadenoticias.com.ar\/diario\/wp-json\/wp\/v2\/categories?post=18009"},{"taxonomy":"post_tag","embeddable":true,"href":"https:\/\/guiadenoticias.com.ar\/diario\/wp-json\/wp\/v2\/tags?post=18009"}],"curies":[{"name":"wp","href":"https:\/\/api.w.org\/{rel}","templated":true}]}}