{"id":18036,"date":"2021-07-22T23:30:30","date_gmt":"2021-07-23T02:30:30","guid":{"rendered":"https:\/\/guiadenoticias.com.ar\/diario\/?p=18036"},"modified":"2021-07-22T23:30:30","modified_gmt":"2021-07-23T02:30:30","slug":"diego-santilli-lanzo-su-precandidatura-en-la-provincia-de-buenos-aires","status":"publish","type":"post","link":"https:\/\/guiadenoticias.com.ar\/diario\/diego-santilli-lanzo-su-precandidatura-en-la-provincia-de-buenos-aires\/","title":{"rendered":"Diego Santilli lanz\u00f3 su precandidatura en la provincia de Buenos Aires"},"content":{"rendered":"<p>Este jueves, <strong>Diego Santilli lanz\u00f3 su precandidatura a diputado por la provincia de Buenos Aires por el frente Juntos<\/strong>. A tono con el estilo de Horacio Rodr\u00edguez Larreta, evit\u00f3 la confrontaci\u00f3n directa tanto con el Gobierno como con su competidor, Facundo Manes, aunque lanz\u00f3 cuestionamientos a partir del panorama complicado por la crisis econ\u00f3mica, la pandemia y la inseguridad.<\/p>\n<p>\u201cEstamos hartos de no poder cambiar o so\u00f1ar con m\u00e1s seguridad, m\u00e1s trabajo, menos pobreza. Queremos decir basta, as\u00ed no va m\u00e1s\u201d, asegur\u00f3 Santilli en el discurso de cierre, en un acto al aire libre, en el Club H\u00edpico de City Bell.<\/p>\n<p>Al presentarlo, el jefe de Gobierno porte\u00f1o remarco su \u201cexperiencia\u201d en el \u00e1rea de Seguridad de la Ciudad y nacionaliz\u00f3 su mensaje: \u201cA los bonaerenses y todos los argentinos, ac\u00e1 estamos, para representarlos\u201d.<\/p>\n<p>\u201cEstoy convencido de que la \u00fanica manera de salir adelante es si superamos la grieta, pero no entre los pol\u00edticos sino con la gente. La grieta no nos ha dado de comer, no nos dio seguridad ni mejor educaci\u00f3n\u201d, insisti\u00f3 Rodr\u00edguez Larreta.<\/p>\n<p>\u00abHoy los argentinos vivimos un momento muy dif\u00edcil, lleno de angustia, siento el dolor de la gente en la calle. La bronca que el sueldo no te alcanza para llegar a fin de mes. O la de tener que cerrar el comercio por el que trabajaste toda tu vida. Tenemos que cambiar esta provincia y tenemos con qu\u00e9\u201d, dijo luego Santilli, con el foco en la crisis econ\u00f3mica y la educaci\u00f3n, adem\u00e1s de la inseguridad.<\/p>\n<p>En el centro lo acompa\u00f1aron Elisa Carri\u00f3, Jorge Macri, Patricia Bullrich, Miguel Pichetto y Graciela Oca\u00f1a, la segunda en la lista, que en los primeros lugares tendr\u00e1 a Juan L\u00f3pez y Marcela Campagnoli (Coalici\u00f3n C\u00edvica), Gerardo Milman (impulsado por la titular del PRO) y Natalia Villa, propuesta por el intendente de Vicente L\u00f3pez. Entre los intendentes asistieron el anfitri\u00f3n, Julio Garro, Diego Valenzuela y N\u00e9stor Grindetti, su jefe de campa\u00f1a.<\/p>\n<p>La ausencia m\u00e1s notoria fue la de Mar\u00eda Eugenia Vidal. No consideraron conveniente su presencia en el momento de los cruces de distrito. En la jornada de su lanzamiento, Santilli renunci\u00f3 a su cargo como vicejefe porte\u00f1o y titular de la Legislatura de la Ciudad. Marcelo D&#8217;Alessandro ocupar\u00e1 su lugar como ministro de Seguridad.<\/p>\n<p>En algunos discursos previos qued\u00f3 de manifiesto el contraste con el estilo m\u00e1s moderado de Rodr\u00edguez Larreta y Santilli. Bullrich apunt\u00f3 de entrada contra Victoria Tolosa Paz, perfilada como postulante por el Frente de Todos. \u201cTenemos enfrente a una candidata que comenz\u00f3 coordinando la mesa contra el hambre y hoy coordina la mesa del hambre de miles de argentinos que salen a cambiar sus pocas pertenencias por comida\u201d, lanz\u00f3 la ex ministra.<\/p>\n<p>A su turno, Carri\u00f3 elogi\u00f3 a Santilli con cr\u00edticas que se interpretaron para Manes. \u201cHay que saber redactar una ley, esto es importante. No lo digo por nadie, obvio\u201d, ironiz\u00f3 la fundadora de la Coalici\u00f3n C\u00edvica. \u201cSoy una vieja outlet, valgo menos de un d\u00f3lar\u201d, hab\u00eda arrancado un discurso que gener\u00f3 sonrisas y por momentos algo de incomodidad en los presentes, y termin\u00f3 cantando el hit \u201cDespacito\u201d. Con tres candidatos de su espacio en lugares expectantes de la lista, Carri\u00f3 tiene previsto participar de la campa\u00f1a en especial en el norte del Conurbano y el interior bonaerense.<\/p>\n<p>\u201cEl compromiso de unidad est\u00e1 plasmado. No hay que darlo por sentado. Es un trabajo cotidiano que requiere de mucha generosidad\u201d, marc\u00f3 Jorge Macri, tambi\u00e9n con aspiraciones de suceder a Axel Kicillof en 2023.<\/p>\n","protected":false},"excerpt":{"rendered":"<p>Este jueves, Diego Santilli lanz\u00f3 su precandidatura a diputado por la provincia de Buenos Aires por el frente Juntos. A tono con el estilo de Horacio Rodr\u00edguez Larreta, evit\u00f3 la confrontaci\u00f3n directa tanto con el Gobierno como con su competidor, Facundo Manes, aunque lanz\u00f3 cuestionamientos a partir del panorama complicado por la crisis econ\u00f3mica, la [&hellip;]<\/p>\n","protected":false},"author":1,"featured_media":18037,"comment_status":"closed","ping_status":"open","sticky":false,"template":"","format":"standard","meta":{"footnotes":""},"categories":[30,48,31],"tags":[95,173,142],"class_list":{"0":"post-18036","1":"post","2":"type-post","3":"status-publish","4":"format-standard","5":"has-post-thumbnail","7":"category-nacion","8":"category-politica-argentina","9":"category-provincia","10":"tag-horacio-rodriguez-larreta","11":"tag-juntos","12":"tag-pro"},"aioseo_notices":[],"_links":{"self":[{"href":"https:\/\/guiadenoticias.com.ar\/diario\/wp-json\/wp\/v2\/posts\/18036","targetHints":{"allow":["GET"]}}],"collection":[{"href":"https:\/\/guiadenoticias.com.ar\/diario\/wp-json\/wp\/v2\/posts"}],"about":[{"href":"https:\/\/guiadenoticias.com.ar\/diario\/wp-json\/wp\/v2\/types\/post"}],"author":[{"embeddable":true,"href":"https:\/\/guiadenoticias.com.ar\/diario\/wp-json\/wp\/v2\/users\/1"}],"replies":[{"embeddable":true,"href":"https:\/\/guiadenoticias.com.ar\/diario\/wp-json\/wp\/v2\/comments?post=18036"}],"version-history":[{"count":1,"href":"https:\/\/guiadenoticias.com.ar\/diario\/wp-json\/wp\/v2\/posts\/18036\/revisions"}],"predecessor-version":[{"id":18038,"href":"https:\/\/guiadenoticias.com.ar\/diario\/wp-json\/wp\/v2\/posts\/18036\/revisions\/18038"}],"wp:featuredmedia":[{"embeddable":true,"href":"https:\/\/guiadenoticias.com.ar\/diario\/wp-json\/wp\/v2\/media\/18037"}],"wp:attachment":[{"href":"https:\/\/guiadenoticias.com.ar\/diario\/wp-json\/wp\/v2\/media?parent=18036"}],"wp:term":[{"taxonomy":"category","embeddable":true,"href":"https:\/\/guiadenoticias.com.ar\/diario\/wp-json\/wp\/v2\/categories?post=18036"},{"taxonomy":"post_tag","embeddable":true,"href":"https:\/\/guiadenoticias.com.ar\/diario\/wp-json\/wp\/v2\/tags?post=18036"}],"curies":[{"name":"wp","href":"https:\/\/api.w.org\/{rel}","templated":true}]}}