{"id":18113,"date":"2021-07-28T02:28:38","date_gmt":"2021-07-28T05:28:38","guid":{"rendered":"https:\/\/guiadenoticias.com.ar\/diario\/?p=18113"},"modified":"2021-07-29T02:29:52","modified_gmt":"2021-07-29T05:29:52","slug":"asumio-kreplak-como-ministro-de-salud-bonaerense","status":"publish","type":"post","link":"https:\/\/guiadenoticias.com.ar\/diario\/asumio-kreplak-como-ministro-de-salud-bonaerense\/","title":{"rendered":"Asumi\u00f3 Kreplak como ministro de Salud bonaerense"},"content":{"rendered":"<p><strong>Nicol\u00e1s Kreplak asumi\u00f3 este mi\u00e9rcoles como ministro de Salud bonaerense, en reemplazo de Daniel Gollan<\/strong>, y afirm\u00f3 que el Frente de Todos tiene \u00abuna forma de construcci\u00f3n que es colectiva, porque nadie se salva solo\u00bb.<\/p>\n<p>\u00abMe toca reemplazar a un amigo y referente. Una de las personas m\u00e1s nobles que conozco. Un doctorado en fortaleza y esp\u00edritu. Un maestro sabio y generoso, que tendr\u00e1 un rol destacado en el Congreso en pos de una patria m\u00e1s justa. Gracias Daniel Gollan\u00bb, dijo Kreplak en su primer discurso como ministro despu\u00e9s de que el gobernador Axel Kicillof le tomara juramento.<\/p>\n<p>Es que Gollan dej\u00f3 el cargo para dedicarse a la campa\u00f1a electoral con vistas a las PASO del 12 de septiembre, como precandidato a diputado nacional por el Frente de Todos.<\/p>\n<p>La asunci\u00f3n se dio en un acto en la casa de Gobierno bonaerense, encabezado por el gobernador Kicillof, la vicegobernadora Ver\u00f3nica Magario y del que tambi\u00e9n particip\u00f3 la ministra de Salud de la Naci\u00f3n, Carla Vizzotti.<\/p>\n<p>\u00abLas expectativas son muy altas, tengo la responsabilidad de seguir por un camino de un gobernador que viene a transformar muchas cosas en plena pandemia\u00bb, reconoci\u00f3 Kreplak tras el acto en una conferencia de prensa.<\/p>\n<p>No obstante, destac\u00f3 que conoce \u00abmuy bien\u00bb el \u00e1rea por haber trabajado junto con Gollan en la gesti\u00f3n en el marco \u00abde una pandemia tan dif\u00edcil para toda la humanidad\u00bb y remarc\u00f3 que la inclusi\u00f3n de ese dirigente en la boleta oficialista tiene que ver con \u00abla valoraci\u00f3n y el reconocimiento\u00bb a ese trabajo.<\/p>\n<p>\u00abCreo que probablemente la pandemia y toda la problem\u00e1tica sanitaria no se resuelva a partir del 10 de diciembre, pero s\u00ed desde ese d\u00eda Daniel va a sumar desde el Congreso much\u00edsimo a la salud de todos\u00bb, manifest\u00f3.<\/p>\n<p>A la vez, <strong>el ministro opin\u00f3 que \u00abtambi\u00e9n se discutir\u00e1n en las urnas dos modelos de pa\u00eds: el de la justicia social y la equidad o el de la difamaci\u00f3n, la mentira y la destrucci\u00f3n del Estado\u00bb.<\/strong><\/p>\n<p>Luego, Kreplak adelant\u00f3 que continuar\u00e1 \u00abcon la gesti\u00f3n de la pandemia y la vacunaci\u00f3n, pero tambi\u00e9n con la ampliaci\u00f3n del sistema con el sistema de salud que necesitamos\u00bb y destac\u00f3 que el de Salud es un equipo \u00abmuy grande\u00bb, por lo que no habr\u00e1 \u00absobresaltos\u00bb en el \u00e1rea.<\/p>\n<p>\u00abSeguiremos con la gu\u00eda conceptual y espiritual de Daniel, pero tambi\u00e9n estamos garantizados porque tenemos una forma de construir que es colectiva. Somos un equipo y si a uno de nosotros nos toca otro rol, nos va a fortalecer m\u00e1s en la gesti\u00f3n de la salud\u00bb, indic\u00f3.<\/p>\n<p>Sostuvo luego que \u00abcomo ven\u00eda diciendo Cristina (Fern\u00e1ndez) hace un tiempo, ya es necesario una reforma de fondo para garantizar m\u00e1s justicia social y m\u00e1s equidad con la salud\u00bb, agreg\u00f3 que \u00abtoda la sociedad aprendi\u00f3 que no podemos achicar el Estado y que cuando se cierra una hospital despu\u00e9s tiene consecuencias muy graves\u00bb.<\/p>\n<p>Por su parte, en su discurso, <strong>Kicillof habl\u00f3 de \u00abproblemas estructurales\u00bb irresueltos en materia de salud en el territorio bonaerense<\/strong> y especific\u00f3 que durante \u00ablos \u00faltimos cuatro a\u00f1os neoliberales la gesti\u00f3n sanitaria retrocedi\u00f3\u00bb.<\/p>\n<p>\u00abEs algo muy reprochable, espantoso. Venimos de cuatro a\u00f1os de franco retroceso, deterioro y abandono\u00bb, asever\u00f3 el mandatario bonaerense y puso de relieve que \u00abGollan y Kreplak asumieron despu\u00e9s de un gobierno que dej\u00f3 hospitales sin abrir, una deuda muy grande, sin insumos ni equipamiento\u00bb.<\/p>\n<p>\u00abHay quienes lucran en la tragedia para sacar ventaja. Hubo que dar peleas y disputar sentido. Hubo anticuarentena y anticuidados, algunos dec\u00edan &#8216;que se mueran los que se tienen que morir'\u00bb.<\/p>\n<p>En tanto, Vizzotti resalt\u00f3 \u00abla tarea tit\u00e1nica\u00bb que se llev\u00f3 a cabo desde la provincia en materia sanitaria y puso de relieve la tarea realizada por el ministro saliente Gollan \u00aben un contexto muy desfavorable y en el marco de una situaci\u00f3n in\u00e9dita\u00bb.<\/p>\n<p>\u00abVamos a poder valorarlo con un poco m\u00e1s de tiempo no s\u00f3lo los que estuvimos cerca, sino toda la poblaci\u00f3n, y saber la dimensi\u00f3n del trabajo y todo lo que se evit\u00f3\u00bb, concluy\u00f3 Vizzotti.<\/p>\n","protected":false},"excerpt":{"rendered":"<p>Nicol\u00e1s Kreplak asumi\u00f3 este mi\u00e9rcoles como ministro de Salud bonaerense, en reemplazo de Daniel Gollan, y afirm\u00f3 que el Frente de Todos tiene \u00abuna forma de construcci\u00f3n que es colectiva, porque nadie se salva solo\u00bb. \u00abMe toca reemplazar a un amigo y referente. Una de las personas m\u00e1s nobles que conozco. Un doctorado en fortaleza [&hellip;]<\/p>\n","protected":false},"author":1,"featured_media":18114,"comment_status":"closed","ping_status":"open","sticky":false,"template":"","format":"standard","meta":{"footnotes":""},"categories":[48,31],"tags":[83,80],"class_list":{"0":"post-18113","1":"post","2":"type-post","3":"status-publish","4":"format-standard","5":"has-post-thumbnail","7":"category-politica-argentina","8":"category-provincia","9":"tag-axel-kicillof","10":"tag-salud"},"aioseo_notices":[],"_links":{"self":[{"href":"https:\/\/guiadenoticias.com.ar\/diario\/wp-json\/wp\/v2\/posts\/18113","targetHints":{"allow":["GET"]}}],"collection":[{"href":"https:\/\/guiadenoticias.com.ar\/diario\/wp-json\/wp\/v2\/posts"}],"about":[{"href":"https:\/\/guiadenoticias.com.ar\/diario\/wp-json\/wp\/v2\/types\/post"}],"author":[{"embeddable":true,"href":"https:\/\/guiadenoticias.com.ar\/diario\/wp-json\/wp\/v2\/users\/1"}],"replies":[{"embeddable":true,"href":"https:\/\/guiadenoticias.com.ar\/diario\/wp-json\/wp\/v2\/comments?post=18113"}],"version-history":[{"count":1,"href":"https:\/\/guiadenoticias.com.ar\/diario\/wp-json\/wp\/v2\/posts\/18113\/revisions"}],"predecessor-version":[{"id":18115,"href":"https:\/\/guiadenoticias.com.ar\/diario\/wp-json\/wp\/v2\/posts\/18113\/revisions\/18115"}],"wp:featuredmedia":[{"embeddable":true,"href":"https:\/\/guiadenoticias.com.ar\/diario\/wp-json\/wp\/v2\/media\/18114"}],"wp:attachment":[{"href":"https:\/\/guiadenoticias.com.ar\/diario\/wp-json\/wp\/v2\/media?parent=18113"}],"wp:term":[{"taxonomy":"category","embeddable":true,"href":"https:\/\/guiadenoticias.com.ar\/diario\/wp-json\/wp\/v2\/categories?post=18113"},{"taxonomy":"post_tag","embeddable":true,"href":"https:\/\/guiadenoticias.com.ar\/diario\/wp-json\/wp\/v2\/tags?post=18113"}],"curies":[{"name":"wp","href":"https:\/\/api.w.org\/{rel}","templated":true}]}}