{"id":1817,"date":"2016-04-26T02:16:51","date_gmt":"2016-04-26T05:16:51","guid":{"rendered":"http:\/\/guiadenoticias.com.ar\/diario\/?p=1817"},"modified":"2016-04-27T02:23:13","modified_gmt":"2016-04-27T05:23:13","slug":"funcionarios-de-moron-informaron-a-los-concejales-sobre-los-despidos","status":"publish","type":"post","link":"https:\/\/guiadenoticias.com.ar\/diario\/funcionarios-de-moron-informaron-a-los-concejales-sobre-los-despidos\/","title":{"rendered":"Funcionarios de Mor\u00f3n informaron a los concejales sobre los despidos"},"content":{"rendered":"<p>Empujado por la oposici\u00f3n, el Ejecutivo de Mor\u00f3n inform\u00f3 en el Concejo Deliberante sobre las cesant\u00edas del personal municipal. As\u00ed, el secretario de Gobierno, Carlos Rebagliati, y el subsecretario de Legal y T\u00e9cnica, Cristian Herrera, indicaron que la gesti\u00f3n de Cambiemos rescindi\u00f3 176 contratos temporarios (con un promedio de antig\u00fcedad de 3 a\u00f1os) y despidi\u00f3 a 5 trabajadores de planta permanente.<\/p>\n<p>Sobre un total superior a los 4600 municipales, el personal temporario representa el 35 por ciento. Adem\u00e1s, tras idas y vueltas \u2013 se negaron a difundir p\u00fablicamente los motivos de no renovaci\u00f3n contractual -, los funcionarios se comprometieron a girarles a los ediles la n\u00f3mina completa de los cesanteados, con el detalle de las \u00e1reas en las cuales desempe\u00f1aban sus tareas.<\/p>\n<p>La sesi\u00f3n, como en los informes del DE anteriores, fue extensa, pero menos agitada, aunque existieron cruces picantes entre Cambiemos y FpV \u2013 Nuevo Encuentro. El Frente Renovador tom\u00f3 una posici\u00f3n, claramente, imparcial. Otro dato: no hubo barra. \u00a0Tampoco hay que dejar pasar que en el debate qued\u00f3 demostrada la situaci\u00f3n laboral precaria de 1600 trabajadores, cautivos del poder de turno. Para revertir parte de este panorama, Rebagliatti anticip\u00f3 que con la nueva Ley de Paritarias se buscar\u00e1 llegar a 2019 con s\u00f3lo un 10% de planta temporaria.<\/p>\n<p>Hern\u00e1n Sabbatella, presidente del bloque FpV \u2013 NE, insisti\u00f3 con que hubo despidos arbitrarios e injustos de 280 personas; incluso denunci\u00f3 una vez m\u00e1s persecuci\u00f3n ideol\u00f3gica<\/p>\n<p>La respuesta de Herrera fue que \u201cel Ejecutivo tiene la facultad para evaluar sobre su juicio\u201d la continuidad de un contratado. Pero neg\u00f3 rotundamente persecuci\u00f3n ideol\u00f3gica o pol\u00edtica. El subsecretario puntualiz\u00f3 tambi\u00e9n que el sistema de organizaci\u00f3n de los recursos humanos durante la gesti\u00f3n anterior era \u201cartesanal y discrecional\u201d. \u201cEncontramos un v\u00ednculo precario entre el municipio y sus trabajadores, situaci\u00f3n que nos proponemos corregir en el curso de nuestro mandato\u201d, declar\u00f3.<\/p>\n<p>El kirchnerista Claudio Rom\u00e1n corri\u00f3 el foco de la cantidad de cesanteados y destac\u00f3 la situaci\u00f3n de desamparo de un desocupado. \u201cNo es un tema t\u00e9cnico, es pol\u00edtico\u201d, sostuvo.<\/p>\n<p>En ese tramo fue Anal\u00eda Zappulla, presidente del bloque oficialista, quien recogi\u00f3 el guante. En principio coincidi\u00f3 con Rom\u00e1n en que el tema debatido en el recinto era pol\u00edtico; luego puso su atenci\u00f3n en Ni\u00f1ez, y tras revelar mal desempe\u00f1o en sus funciones de parte del personal \u2013 con motivo del femicidio de Cinthia Laudonio\u00a0 -, remarc\u00f3 que\u00a0 \u201choy, el \u00e1rea no est\u00e1 vaciada\u201d.<\/p>\n<p>Estos comentarios generaron reacciones en las filas sabbatellistas. En ese sentido, Lucas Ghi consider\u00f3 que \u201ces una apreciaci\u00f3n desatinada culpar a los trabajadores, el que debe presentarse es el intendente\u201d. El ex jefe comunal record\u00f3 que cuando NE asumi\u00f3 la mitad de la planta era precarizada y que baj\u00f3 \u201costensiblemente\u201d en los \u00faltimos a\u00f1os, aunque admiti\u00f3 que esta es una materia pendiente.<\/p>\n<p>A su turno, el socialista Favio Mart\u00ednez no ahorr\u00f3 cr\u00edticas. Destac\u00f3 que no acompa\u00f1\u00f3 la pol\u00edtica de empleo sabbatellista por su \u201cprecarizaci\u00f3n\u201d y \u201csalarios paup\u00e9rrimos\u201d. No obstante atribuy\u00f3 a una responsabilidad compartida entre FpV y el PRO la situaci\u00f3n actual.<\/p>\n<p>La conclusi\u00f3n de Sabbatella fue lapidaria. \u201cVemos como toma un gobierno de derecha el despido de trabajadores. Es un gobierno poco sensible, que vac\u00eda \u00e1reas\u201d.<\/p>\n<p>De todos modos, da la impresi\u00f3n que no se repetir\u00e1n estas sesiones informativas, seg\u00fan dej\u00f3 entrever Herrera. \u201cEste gobierno no va a perder ni un minuto m\u00e1s en responder falsas acusaciones por parte de la oposici\u00f3n que encabezan un ex candidato y un ex intendente del Frente para la Victoria &#8211; Nuevo Encuentro, responsables de haber entregado el municipio en estado calamitoso y que, desde el inicio de la actual gesti\u00f3n, poco ha colaborado para dar respuestas a demandas hist\u00f3ricas\u00a0 de los vecinos\u201d.<\/p>\n","protected":false},"excerpt":{"rendered":"<p>Empujado por la oposici\u00f3n, el Ejecutivo de Mor\u00f3n inform\u00f3 en el Concejo Deliberante sobre las cesant\u00edas del personal municipal. As\u00ed, el secretario de Gobierno, Carlos Rebagliati, y el subsecretario de Legal y T\u00e9cnica, Cristian Herrera, indicaron que la gesti\u00f3n de Cambiemos rescindi\u00f3 176 contratos temporarios (con un promedio de antig\u00fcedad de 3 a\u00f1os) y despidi\u00f3 [&hellip;]<\/p>\n","protected":false},"author":1,"featured_media":1818,"comment_status":"closed","ping_status":"open","sticky":false,"template":"","format":"standard","meta":{"footnotes":""},"categories":[28,20,48],"tags":[],"class_list":{"0":"post-1817","1":"post","2":"type-post","3":"status-publish","4":"format-standard","5":"has-post-thumbnail","7":"category-moron","8":"category-municipios","9":"category-politica-argentina"},"aioseo_notices":[],"_links":{"self":[{"href":"https:\/\/guiadenoticias.com.ar\/diario\/wp-json\/wp\/v2\/posts\/1817","targetHints":{"allow":["GET"]}}],"collection":[{"href":"https:\/\/guiadenoticias.com.ar\/diario\/wp-json\/wp\/v2\/posts"}],"about":[{"href":"https:\/\/guiadenoticias.com.ar\/diario\/wp-json\/wp\/v2\/types\/post"}],"author":[{"embeddable":true,"href":"https:\/\/guiadenoticias.com.ar\/diario\/wp-json\/wp\/v2\/users\/1"}],"replies":[{"embeddable":true,"href":"https:\/\/guiadenoticias.com.ar\/diario\/wp-json\/wp\/v2\/comments?post=1817"}],"version-history":[{"count":3,"href":"https:\/\/guiadenoticias.com.ar\/diario\/wp-json\/wp\/v2\/posts\/1817\/revisions"}],"predecessor-version":[{"id":1842,"href":"https:\/\/guiadenoticias.com.ar\/diario\/wp-json\/wp\/v2\/posts\/1817\/revisions\/1842"}],"wp:featuredmedia":[{"embeddable":true,"href":"https:\/\/guiadenoticias.com.ar\/diario\/wp-json\/wp\/v2\/media\/1818"}],"wp:attachment":[{"href":"https:\/\/guiadenoticias.com.ar\/diario\/wp-json\/wp\/v2\/media?parent=1817"}],"wp:term":[{"taxonomy":"category","embeddable":true,"href":"https:\/\/guiadenoticias.com.ar\/diario\/wp-json\/wp\/v2\/categories?post=1817"},{"taxonomy":"post_tag","embeddable":true,"href":"https:\/\/guiadenoticias.com.ar\/diario\/wp-json\/wp\/v2\/tags?post=1817"}],"curies":[{"name":"wp","href":"https:\/\/api.w.org\/{rel}","templated":true}]}}