{"id":18242,"date":"2021-08-19T22:19:17","date_gmt":"2021-08-20T01:19:17","guid":{"rendered":"https:\/\/guiadenoticias.com.ar\/diario\/?p=18242"},"modified":"2021-08-22T22:21:10","modified_gmt":"2021-08-23T01:21:10","slug":"santilli-basta-de-privilegios-de-doble-discurso","status":"publish","type":"post","link":"https:\/\/guiadenoticias.com.ar\/diario\/santilli-basta-de-privilegios-de-doble-discurso\/","title":{"rendered":"Santilli: \u201cBasta de privilegios, de doble discurso\u201d"},"content":{"rendered":"<p>Diego Santilli, precandidato a diputado nacional por una de las l\u00edneas internas de Juntos, eligi\u00f3 Tres de Febrero para el lanzamiento de las propuestas de campa\u00f1a con los lineamientos centrales del espacio. A la cita en un campo de deportes de Mart\u00edn Coronado llegaron Graciela Oca\u00f1a, quien lo secunda en la n\u00f3mina, y el intendente anfitri\u00f3n, Diego Valenzuela; tambi\u00e9n dijeron presente jefes comunales como N\u00e9stor Grindetti (Lan\u00fas), Julio Garro (La Plata), Jorge Macri (Vicente L\u00f3pez), Gustavo Posse (San Isidro) y Guillermo Montenegro (General Pueyrred\u00f3n), entre otros dirigentes como Cristian Ritondo y Hern\u00e1n Lombardi.<\/p>\n<p>El ex vicejefe de Gobierno porte\u00f1o arranc\u00f3 su discurso &#8211; que fue seguido por streaming &#8211; haciendo foco en la educaci\u00f3n. \u201cEn la Provincia cerraron las escuelas durante un a\u00f1o y medio, 280 mil chicos abandonaron\u201d, dijo, y agreg\u00f3 que \u201ccuando seguimos los estudios de las universidades, en los cuatro niveles educativos, abandon\u00f3 casi medio mill\u00f3n de chicos\u201d.<\/p>\n<p>En ese sentido, Santilli se\u00f1al\u00f3 que \u201cla primera propuesta que haremos es hacer una ley para que el Estado nos explique qui\u00e9nes son y c\u00f3mo va a hacer para que cada uno de esos chicos vuelvan a las aulas. Sino no hay futuro\u201d. \u201cLo segundo que tenemos que hacer es evaluar, para ver qu\u00e9 nos falta, y que esa evaluaci\u00f3n no quede a discrecionalidad de un gobierno. Es el segundo a\u00f1o que no hacemos la prueba Aprender, c\u00f3mo vamos a saber qu\u00e9 nos dej\u00f3 la pandemia. Vamos a proponer una ley de evaluaci\u00f3n obligatoria\u201d.<\/p>\n<p>Y a\u00f1adi\u00f3: \u201cLa tercera propuesta es la ley de emergencia educativa, para que de aqu\u00ed en adelante resolvamos los problemas de infraestructura, equipamiento y conectividad\u201d.<\/p>\n<p>Despu\u00e9s, el precandidato se adentr\u00f3 en el mundo del trabajo. \u201cLa verdad, el Gobierno no est\u00e1 haciendo nada, todo lo contrario; lo que hace es ponerle la pata en la cabeza a los productores, a los comerciantes, a las Pymes. Hay 19 impuestos, 3 nuevos, con esa carga impositiva es imposible. Perdimos 90 mil comercios y 42 mil Pymes\u201d.<\/p>\n<p>Sobre este punto indic\u00f3, \u201clo primero es ayudar a aquel productor, empresario Pyme, comerciante, que est\u00e1 en la cuerda floja. Hay que extender la moratoria, que vence el 31 de diciembre\u201d. Habl\u00f3 asimismo de la generaci\u00f3n de empleo, \u201cel segmento m\u00e1s vulnerable es el de los j\u00f3venes, entonces vamos a promover una ley de empleo joven, eliminando los impuestos al trabajo por cinco a\u00f1os\u201d.<\/p>\n<p><img loading=\"lazy\" decoding=\"async\" class=\"wp-image-18243 aligncenter\" src=\"https:\/\/guiadenoticias.com.ar\/diario\/wp-content\/uploads\/2021\/08\/Santilli1.jpg\" alt=\"\" width=\"614\" height=\"320\" srcset=\"https:\/\/guiadenoticias.com.ar\/diario\/wp-content\/uploads\/2021\/08\/Santilli1.jpg 900w, https:\/\/guiadenoticias.com.ar\/diario\/wp-content\/uploads\/2021\/08\/Santilli1-300x157.jpg 300w, https:\/\/guiadenoticias.com.ar\/diario\/wp-content\/uploads\/2021\/08\/Santilli1-768x401.jpg 768w, https:\/\/guiadenoticias.com.ar\/diario\/wp-content\/uploads\/2021\/08\/Santilli1-696x363.jpg 696w, https:\/\/guiadenoticias.com.ar\/diario\/wp-content\/uploads\/2021\/08\/Santilli1-804x420.jpg 804w\" sizes=\"auto, (max-width: 614px) 100vw, 614px\" \/><\/p>\n<p>El tercer eje de las propuestas fue la seguridad: \u201cEstamos patas para arriba, estamos mal. La Polic\u00eda tiene que estar en la calle. Para que esa tarea de prevenci\u00f3n, de detener, no sea en vano, que es la puerta giratoria, a los delincuentes que cometen delitos graves no m\u00e1s excarcelaci\u00f3n\u201d. El precandidato del PRO habl\u00f3 de condenas ejemplares y de su cumplimiento efectivo. Y la no reducci\u00f3n de penas para delitos graves.<\/p>\n<p>\u201cEsta semana, los argentinos nos dimos un golpazo a la credibilidad, a la confianza. No puede ser, tenemos que cumplir la ley y la palabra; para eso, no hay que liberar a los delincuentes, adelantarse en la fila para vacunarse; no hay que incumplir los propios decretos que firm\u00e1s. Basta de privilegios, de doble discurso\u201d, dispar\u00f3.<\/p>\n<p>En la apertura del encuentro, al cual s\u00f3lo concurrieron funcionarios y prensa, Graciela Oca\u00f1a destac\u00f3 la tarea de escucha con la ciudadan\u00eda y se\u00f1al\u00f3, \u201cqueremos reforzar la democracia\u201d. Reflot\u00f3 la iniciativa de impulsar la boleta \u00fanica de papel y la \u201cficha limpia\u201d de candidatos. Adem\u00e1s, adelant\u00f3 que el espacio empujar\u00e1 una ley integral para adultos mayores.<\/p>\n<p><em>\u201cLA PANDEMIA AHOND\u00d3 M\u00c1S LOS PROBLEMAS ESTRUCTURALES\u201d<\/em><\/p>\n<p>En rueda de prensa, Diego Santilli opin\u00f3 sobre la salida pol\u00edtica a las problem\u00e1ticas actuales. \u201cLos consensos tienen que estar porque son temas estructurales, de c\u00f3mo queremos vivir. Debemos tratar de dar vuelta la historia\u201d.<\/p>\n<p>Consultado por los principales reclamos de los vecinos recogidos en las recorridas por la Provincia, mencion\u00f3 que \u201cla inseguridad, que galopa, los chicos en las escuelas; la gente tiene miedo a perder su laburo y la inflaci\u00f3n golpea\u201d.<\/p>\n<p>Por otro lado, aclar\u00f3, \u201carrastramos problemas estructurales de muchas d\u00e9cadas, la educaci\u00f3n, la seguridad y el trabajo. La pandemia los ahond\u00f3 m\u00e1s, pero hay una diferencia entre la pandemia en nuestro pa\u00eds y otros pa\u00edses del mundo; ac\u00e1 fue mucho peor, porque no abordamos los problemas estructurales\u201d.<\/p>\n","protected":false},"excerpt":{"rendered":"<p>Diego Santilli, precandidato a diputado nacional por una de las l\u00edneas internas de Juntos, eligi\u00f3 Tres de Febrero para el lanzamiento de las propuestas de campa\u00f1a con los lineamientos centrales del espacio. A la cita en un campo de deportes de Mart\u00edn Coronado llegaron Graciela Oca\u00f1a, quien lo secunda en la n\u00f3mina, y el intendente [&hellip;]<\/p>\n","protected":false},"author":1,"featured_media":18244,"comment_status":"closed","ping_status":"open","sticky":false,"template":"","format":"standard","meta":{"footnotes":""},"categories":[20,48,26],"tags":[165,72,173,174,142],"class_list":{"0":"post-18242","1":"post","2":"type-post","3":"status-publish","4":"format-standard","5":"has-post-thumbnail","7":"category-municipios","8":"category-politica-argentina","9":"category-tres-de-febrero","10":"tag-diego-santilli","11":"tag-diego-valenzuela","12":"tag-juntos","13":"tag-paso","14":"tag-pro"},"aioseo_notices":[],"_links":{"self":[{"href":"https:\/\/guiadenoticias.com.ar\/diario\/wp-json\/wp\/v2\/posts\/18242","targetHints":{"allow":["GET"]}}],"collection":[{"href":"https:\/\/guiadenoticias.com.ar\/diario\/wp-json\/wp\/v2\/posts"}],"about":[{"href":"https:\/\/guiadenoticias.com.ar\/diario\/wp-json\/wp\/v2\/types\/post"}],"author":[{"embeddable":true,"href":"https:\/\/guiadenoticias.com.ar\/diario\/wp-json\/wp\/v2\/users\/1"}],"replies":[{"embeddable":true,"href":"https:\/\/guiadenoticias.com.ar\/diario\/wp-json\/wp\/v2\/comments?post=18242"}],"version-history":[{"count":1,"href":"https:\/\/guiadenoticias.com.ar\/diario\/wp-json\/wp\/v2\/posts\/18242\/revisions"}],"predecessor-version":[{"id":18245,"href":"https:\/\/guiadenoticias.com.ar\/diario\/wp-json\/wp\/v2\/posts\/18242\/revisions\/18245"}],"wp:featuredmedia":[{"embeddable":true,"href":"https:\/\/guiadenoticias.com.ar\/diario\/wp-json\/wp\/v2\/media\/18244"}],"wp:attachment":[{"href":"https:\/\/guiadenoticias.com.ar\/diario\/wp-json\/wp\/v2\/media?parent=18242"}],"wp:term":[{"taxonomy":"category","embeddable":true,"href":"https:\/\/guiadenoticias.com.ar\/diario\/wp-json\/wp\/v2\/categories?post=18242"},{"taxonomy":"post_tag","embeddable":true,"href":"https:\/\/guiadenoticias.com.ar\/diario\/wp-json\/wp\/v2\/tags?post=18242"}],"curies":[{"name":"wp","href":"https:\/\/api.w.org\/{rel}","templated":true}]}}