{"id":18275,"date":"2021-08-24T02:48:50","date_gmt":"2021-08-24T05:48:50","guid":{"rendered":"https:\/\/guiadenoticias.com.ar\/diario\/?p=18275"},"modified":"2021-08-28T03:20:29","modified_gmt":"2021-08-28T06:20:29","slug":"carlos-castellano-hay-que-gestionar-mejor-con-mayor-transparencia","status":"publish","type":"post","link":"https:\/\/guiadenoticias.com.ar\/diario\/carlos-castellano-hay-que-gestionar-mejor-con-mayor-transparencia\/","title":{"rendered":"Carlos Castellano: \u201cHay que gestionar mejor, con mayor transparencia\u201d"},"content":{"rendered":"<p>Carlos Castellano se lanz\u00f3 nuevamente como precandidato en San Isidro, en este primer turno de las PASO ir\u00e1 a una interna por el espacio de Convocaci\u00f3n C\u00edvica. En di\u00e1logo con Gu\u00eda de Noticias record\u00f3 que \u201ces una alianza de partidos vecinales, que la comenzamos a formar en el a\u00f1o 2018 y la consolidamos en 2019. Fuimos la \u00fanica alianza de partidos vecinales en toda la provincia de Buenos Aires\u201d. Cuentan hoy con un interbloque de siete concejales.<\/p>\n<p>Destac\u00f3, \u201cnosotros lo que proponemos es una trayectoria de conocimiento de la gesti\u00f3n p\u00fablica municipal, un conocimiento fuerte y presencial de cada uno de los problemas en los barrios y, fundamentalmente, propuestas para mejorar San Isidro, porque creemos que un municipio con 24 mil millones de pesos puede resolver casi todos los problemas que los vecinos plantean, temas de seguridad, veredas, educaci\u00f3n, mejores servicios de salud; temas de mejorar los espacios p\u00fablicos, sobre la sustentabilidad, tanto de la movilidad como del reciclaje\u201d.<\/p>\n<p>En ese sentido, agreg\u00f3 que \u201chay much\u00edsimo pendiente en San Isidro, lo que hay que hacer es gestionar mejor, con mayor honestidad, con mayor transparencia e invertir mejor en los recursos\u201d.<\/p>\n<p>Consultado por la interna, Castellano mencion\u00f3 que \u201cno siempre lo ideal es tener listas \u00fanicas que solamente se acuerdan entre dirigentes. Me parece que est\u00e1 bueno que la gente tenga la oportunidad de elegir; adem\u00e1s, las PASO fueron creadas para eso\u201d. A la vez que resalt\u00f3: \u201cRepresentamos los mismos valores, pero tambi\u00e9n representamos perfiles distintos\u201d.<\/p>\n<p>Relacionado con su posible vuelta al Concejo Deliberante, reflexion\u00f3, \u201ccreo que vuelvo igual, con mis mismos valores. Siempre fueron los de trabajar por el bien com\u00fan, de hecho, cuando descubr\u00ed que hab\u00eda una situaci\u00f3n inmoral, como fue el caso del fraude en la construcci\u00f3n de viviendas sociales, me plante, discut\u00ed, pele\u00e9 y me fui, cuando pod\u00eda haber negociado\u201d. La consecuencia fue su retirada de un espacio pol\u00edtico donde milit\u00f3 durante m\u00e1s de 30 a\u00f1os.<\/p>\n<p>En l\u00ednea con el tema, record\u00f3 que \u201ccuando hubo un problema respecto al Plan Federal de Vivienda, los que seguimos investigando la causa, somos los concejales vecinalistas. El resto de los partidos pol\u00edticos hizo silencio, incluso los aliados del gobierno municipal, que, supuestamente, tienen un perfil republicano y \u00e9tico; sin embargo hicieron silencio sobre un hecho grav\u00edsimo de corrupci\u00f3n, que no tenemos duda que es el m\u00e1s grande de la historia pol\u00edtica de San Isidro\u201d.<\/p>\n<p>Y apunt\u00f3: \u201cEl peronismo no se anima a hablar de vacunatorios VIP porque ellos tambi\u00e9n fueron denunciados. La gente del PRO no se anima a hablar de temas de corrupci\u00f3n porque estuvieron salpicados en otras \u00e1reas de gesti\u00f3n o fueron c\u00f3mplices para tapar algunas cuestiones de los propios referentes o dirigentes de Juntos por el Cambio\u201d.<\/p>\n<p>En cuanto a la estrategia de la campa\u00f1a en la calle, el ex presidente del HCD cont\u00f3, \u201cNosotros escuchamos a los vecinos todo el a\u00f1o, todos los d\u00edas; en el supermercado o en la fila del banco. Me parece que estos momentos de elecciones no son para escuchar, sino para proponer cu\u00e1les son las soluciones para los problemas que los vecinos te plantean\u201d.<\/p>\n<p>Consultado por los temas que, seg\u00fan su visi\u00f3n, requieren mejoras, cit\u00f3 seguridad, \u201cSan Isidro hace m\u00e1s de cuatro a\u00f1os que no expande lo que es su fibra \u00f3ptica con lo cual no pudimos instalar nuevos puestos de c\u00e1maras de seguridad y de monitoreo y eso es un problema para la inseguridad de muchos barrios. Algo parecido ocurre con el tema del patrullaje, no hemos modernizado los dispositivos de seguridad como si lo han hecho otros municipios, como es el caso de instalar postas policiales en las zonas m\u00e1s conflictivas o estrat\u00e9gicas para controlar mejor el tr\u00e1fico y contener mejor la inseguridad que puede haber en algunos barrios\u201d.<\/p>\n<p>A\u00f1adi\u00f3 que \u201cen t\u00e9rminos educativos el distrito no tiene ni un solo jard\u00edn maternal, que es fundamental, no s\u00f3lo para el desarrollo del chico, sino tambi\u00e9n para resolver una cuesti\u00f3n social de los matrimonios j\u00f3venes que tienen que trabajar los dos\u201d. Asimismo dijo que \u201clos campos de deporte no est\u00e1n en buenas condiciones, compar\u00e1ndolos con los de municipios vecinos\u201d.<\/p>\n<p>Sobre el cierre de la entrevista renov\u00f3 sus cr\u00edticas a la administraci\u00f3n de Posse. \u201cTenemos problemas serios de gesti\u00f3n desde hace siete a\u00f1os, porque se empez\u00f3 a invertir mal la plata (\u2026). Estimamos que el d\u00e9ficit hoy supera los 6 mil millones de pesos, lo que tiene San Isidro es un problema grande de gesti\u00f3n\u201d.<\/p>\n<p>Mientras se prepara para las Primarias, Castellano convoca tambi\u00e9n a la ciudadan\u00eda: \u201cLo que necesitamos es que el vecino se anime, si tiene bronca que la exprese cortando boleta. Que coloque la boleta vecinalista, y recuperar ese cari\u00f1o que le hace falta a la gesti\u00f3n de gobierno municipal, como en alg\u00fan momento lo tuvo Melchor Posse\u201d.<\/p>\n","protected":false},"excerpt":{"rendered":"<p>Carlos Castellano se lanz\u00f3 nuevamente como precandidato en San Isidro, en este primer turno de las PASO ir\u00e1 a una interna por el espacio de Convocaci\u00f3n C\u00edvica. En di\u00e1logo con Gu\u00eda de Noticias record\u00f3 que \u201ces una alianza de partidos vecinales, que la comenzamos a formar en el a\u00f1o 2018 y la consolidamos en 2019. [&hellip;]<\/p>\n","protected":false},"author":1,"featured_media":18278,"comment_status":"closed","ping_status":"open","sticky":false,"template":"","format":"standard","meta":{"footnotes":""},"categories":[70,20,48,21],"tags":[174],"class_list":{"0":"post-18275","1":"post","2":"type-post","3":"status-publish","4":"format-standard","5":"has-post-thumbnail","7":"category-las-mas-leidas","8":"category-municipios","9":"category-politica-argentina","10":"category-san-isidro","11":"tag-paso"},"aioseo_notices":[],"_links":{"self":[{"href":"https:\/\/guiadenoticias.com.ar\/diario\/wp-json\/wp\/v2\/posts\/18275","targetHints":{"allow":["GET"]}}],"collection":[{"href":"https:\/\/guiadenoticias.com.ar\/diario\/wp-json\/wp\/v2\/posts"}],"about":[{"href":"https:\/\/guiadenoticias.com.ar\/diario\/wp-json\/wp\/v2\/types\/post"}],"author":[{"embeddable":true,"href":"https:\/\/guiadenoticias.com.ar\/diario\/wp-json\/wp\/v2\/users\/1"}],"replies":[{"embeddable":true,"href":"https:\/\/guiadenoticias.com.ar\/diario\/wp-json\/wp\/v2\/comments?post=18275"}],"version-history":[{"count":2,"href":"https:\/\/guiadenoticias.com.ar\/diario\/wp-json\/wp\/v2\/posts\/18275\/revisions"}],"predecessor-version":[{"id":18292,"href":"https:\/\/guiadenoticias.com.ar\/diario\/wp-json\/wp\/v2\/posts\/18275\/revisions\/18292"}],"wp:featuredmedia":[{"embeddable":true,"href":"https:\/\/guiadenoticias.com.ar\/diario\/wp-json\/wp\/v2\/media\/18278"}],"wp:attachment":[{"href":"https:\/\/guiadenoticias.com.ar\/diario\/wp-json\/wp\/v2\/media?parent=18275"}],"wp:term":[{"taxonomy":"category","embeddable":true,"href":"https:\/\/guiadenoticias.com.ar\/diario\/wp-json\/wp\/v2\/categories?post=18275"},{"taxonomy":"post_tag","embeddable":true,"href":"https:\/\/guiadenoticias.com.ar\/diario\/wp-json\/wp\/v2\/tags?post=18275"}],"curies":[{"name":"wp","href":"https:\/\/api.w.org\/{rel}","templated":true}]}}