{"id":18283,"date":"2021-08-25T03:22:04","date_gmt":"2021-08-25T06:22:04","guid":{"rendered":"https:\/\/guiadenoticias.com.ar\/diario\/?p=18283"},"modified":"2021-09-02T01:12:50","modified_gmt":"2021-09-02T04:12:50","slug":"moreira-y-zabaleta-participaron-de-la-entrega-de-tarjetas-alimentar","status":"publish","type":"post","link":"https:\/\/guiadenoticias.com.ar\/diario\/moreira-y-zabaleta-participaron-de-la-entrega-de-tarjetas-alimentar\/","title":{"rendered":"Moreira y Zabaleta participaron de la entrega de Tarjetas Alimentar"},"content":{"rendered":"<p><strong>El intendente de San Mart\u00edn, Fernando Moreira, y el ministro de Desarrollo Social de la Naci\u00f3n, Juan Zabaleta, participaron del operativo de entrega de 7.542 Tarjetas AlimentAR, que se realiza toda esta semana en Jos\u00e9 Le\u00f3n Su\u00e1rez.<\/strong><\/p>\n<p>Durante el encuentro, el jefe comunal destac\u00f3: \u201cEs una alegr\u00eda recibir a \u2018Juanchi\u2019, un amigo, en su primera visita como ministro, y en el marco de la entrega de tarjetas AlimentAR, una acci\u00f3n tan importante, que permite el acceso a los alimentos a quienes m\u00e1s lo necesitan\u201d.<\/p>\n<p>Y agreg\u00f3 que \u201ccon la pandemia, la situaci\u00f3n de muchas familias realmente se complic\u00f3, pero trabajamos para llegar con un Estado presente en cada territorio, articulando nuevas pol\u00edticas y herramientas para que juntos podamos salir adelante\u201d.<\/p>\n<p>Por su parte, Zabaleta sostuvo, \u201ccon Fernando trabajamos mucho juntos y es una satisfacci\u00f3n participar de esta entrega, una pol\u00edtica de soberan\u00eda alimentaria. Es una inversi\u00f3n social enorme que est\u00e1 dando buenos resultados\u201d.<\/p>\n<p>El encuentro tambi\u00e9n cont\u00f3 con la presencia de la secretaria de Inclusi\u00f3n Social del Ministerio de Desarrollo Social, Laura Alonso; el presidente del Concejo Deliberante, Diego Perrella; y el secretario de Desarrollo Social de San Mart\u00edn, Oscar Mintegu\u00eda.<\/p>\n<p>En este operativo se entregar\u00e1n 7.542 tarjetas a vecinos y vecinas, que podr\u00e1n acceder al Programa Nacional de Seguridad Alimentaria y Nutricional para la promoci\u00f3n y el fortalecimiento del acceso a la Canasta B\u00e1sica de Alimentos.<\/p>\n<p>Adem\u00e1s, durante esta semana, en cada jornada hay puestos de vacunaci\u00f3n antigripal, presencia del Hospital M\u00f3vil con test de VPH para prevenir el c\u00e1ncer de cuello de \u00fatero, un puesto del Espacio Mujeres y otro de la Econom\u00eda Social y Solidaria.<\/p>\n<p>Asimismo, el s\u00e1bado, de 9 a 13 horas, har\u00e1n un recorrido puerta a puerta para entregar las tarjetas que no sean retiradas por sus beneficiarios y beneficiarias, cuya adjudicaci\u00f3n es autom\u00e1tica a partir de los datos de ANSES.<\/p>\n<p>Por otro lado, las personas que se acercan a recibir su tarjeta tambi\u00e9n se llevan bolsas agroecol\u00f3gicas, cultivadas por la cooperativa Dulce Esperanza, de Tucum\u00e1n, y adquiridas por el municipio para su entrega en m\u00e1s de 200 comedores y organizaciones que brindan asistencia alimentaria. Esta iniciativa se realiza en conjunto con la Red Nacional de Alimentos Cooperativos, que tiene un mercado mayorista en San Mart\u00edn.<\/p>\n","protected":false},"excerpt":{"rendered":"<p>El intendente de San Mart\u00edn, Fernando Moreira, y el ministro de Desarrollo Social de la Naci\u00f3n, Juan Zabaleta, participaron del operativo de entrega de 7.542 Tarjetas AlimentAR, que se realiza toda esta semana en Jos\u00e9 Le\u00f3n Su\u00e1rez. Durante el encuentro, el jefe comunal destac\u00f3: \u201cEs una alegr\u00eda recibir a \u2018Juanchi\u2019, un amigo, en su primera [&hellip;]<\/p>\n","protected":false},"author":1,"featured_media":18284,"comment_status":"closed","ping_status":"open","sticky":false,"template":"","format":"standard","meta":{"footnotes":""},"categories":[70,20,24],"tags":[74,84],"class_list":{"0":"post-18283","1":"post","2":"type-post","3":"status-publish","4":"format-standard","5":"has-post-thumbnail","7":"category-las-mas-leidas","8":"category-municipios","9":"category-san-martin","10":"tag-fernando-moreira","11":"tag-juan-zabaleta"},"aioseo_notices":[],"_links":{"self":[{"href":"https:\/\/guiadenoticias.com.ar\/diario\/wp-json\/wp\/v2\/posts\/18283","targetHints":{"allow":["GET"]}}],"collection":[{"href":"https:\/\/guiadenoticias.com.ar\/diario\/wp-json\/wp\/v2\/posts"}],"about":[{"href":"https:\/\/guiadenoticias.com.ar\/diario\/wp-json\/wp\/v2\/types\/post"}],"author":[{"embeddable":true,"href":"https:\/\/guiadenoticias.com.ar\/diario\/wp-json\/wp\/v2\/users\/1"}],"replies":[{"embeddable":true,"href":"https:\/\/guiadenoticias.com.ar\/diario\/wp-json\/wp\/v2\/comments?post=18283"}],"version-history":[{"count":1,"href":"https:\/\/guiadenoticias.com.ar\/diario\/wp-json\/wp\/v2\/posts\/18283\/revisions"}],"predecessor-version":[{"id":18285,"href":"https:\/\/guiadenoticias.com.ar\/diario\/wp-json\/wp\/v2\/posts\/18283\/revisions\/18285"}],"wp:featuredmedia":[{"embeddable":true,"href":"https:\/\/guiadenoticias.com.ar\/diario\/wp-json\/wp\/v2\/media\/18284"}],"wp:attachment":[{"href":"https:\/\/guiadenoticias.com.ar\/diario\/wp-json\/wp\/v2\/media?parent=18283"}],"wp:term":[{"taxonomy":"category","embeddable":true,"href":"https:\/\/guiadenoticias.com.ar\/diario\/wp-json\/wp\/v2\/categories?post=18283"},{"taxonomy":"post_tag","embeddable":true,"href":"https:\/\/guiadenoticias.com.ar\/diario\/wp-json\/wp\/v2\/tags?post=18283"}],"curies":[{"name":"wp","href":"https:\/\/api.w.org\/{rel}","templated":true}]}}