{"id":18314,"date":"2021-08-31T02:27:48","date_gmt":"2021-08-31T05:27:48","guid":{"rendered":"https:\/\/guiadenoticias.com.ar\/diario\/?p=18314"},"modified":"2021-09-02T02:29:37","modified_gmt":"2021-09-02T05:29:37","slug":"lanzan-la-tercera-edicion-del-fondo-municipal-de-las-artes","status":"publish","type":"post","link":"https:\/\/guiadenoticias.com.ar\/diario\/lanzan-la-tercera-edicion-del-fondo-municipal-de-las-artes\/","title":{"rendered":"Lanzan la tercera edici\u00f3n del Fondo Municipal de las Artes"},"content":{"rendered":"<p>La Secretar\u00eda de Cultura de Vicente L\u00f3pez anunci\u00f3 la convocatoria a la tercera edici\u00f3n del Fondo Municipal de las Artes. La presentaci\u00f3n de los proyectos ser\u00e1 del 6 al 27 de septiembre.<\/p>\n<p>Podr\u00e1n participar artistas argentinos y\/o extranjeros mayores de 18 a\u00f1os, que residan legalmente en Vicente L\u00f3pez.<\/p>\n<p>La convocatoria busca apoyar y promover la producci\u00f3n creativa de artistas y trabajadores de la cultura. Se otorgar\u00e1n un total de 600 mil pesos, en 10 becas individuales y\/o grupales de 60 mil pesos cada una.<\/p>\n<p>Ser\u00e1n especialmente considerados aquellos proyectos relacionados con tem\u00e1ticas sobre la preservaci\u00f3n del planeta y el desarrollo de un mundo m\u00e1s sostenible. Proyectos que conciben al arte como herramienta transformadora de la realidad, como canal para generar conciencia y cambios positivos en las comunidades.<\/p>\n<p>Las disciplinas que participar\u00e1n en la convocatoria son: artes audiovisuales y multimedia; artes esc\u00e9nicas; artes visuales; letras; y m\u00fasica.<\/p>\n<p>Cabe se\u00f1alar que los proyectos presentados deber\u00e1n encontrarse en la etapa de idea, en la instancia de creaci\u00f3n o de desarrollo del proyecto. No podr\u00e1n presentarse trabajos ya finalizados, publicados o editados.<\/p>\n<p>La selecci\u00f3n de los proyectos ganadores estar\u00e1 a cargo de un comit\u00e9 de jurados interdisciplinario conformado por referentes de las artes y la cultura.<a href=\"https:\/\/www.vicentelopez.gov.ar\/FMA\">https:\/\/www.vicentelopez.gov.ar\/FMA<\/a><\/p>\n","protected":false},"excerpt":{"rendered":"<p>La Secretar\u00eda de Cultura de Vicente L\u00f3pez anunci\u00f3 la convocatoria a la tercera edici\u00f3n del Fondo Municipal de las Artes. La presentaci\u00f3n de los proyectos ser\u00e1 del 6 al 27 de septiembre. Podr\u00e1n participar artistas argentinos y\/o extranjeros mayores de 18 a\u00f1os, que residan legalmente en Vicente L\u00f3pez. La convocatoria busca apoyar y promover la [&hellip;]<\/p>\n","protected":false},"author":1,"featured_media":18315,"comment_status":"closed","ping_status":"open","sticky":false,"template":"","format":"standard","meta":{"footnotes":""},"categories":[50,20,25],"tags":[],"class_list":{"0":"post-18314","1":"post","2":"type-post","3":"status-publish","4":"format-standard","5":"has-post-thumbnail","7":"category-cultura","8":"category-municipios","9":"category-vicente-lopez"},"aioseo_notices":[],"_links":{"self":[{"href":"https:\/\/guiadenoticias.com.ar\/diario\/wp-json\/wp\/v2\/posts\/18314","targetHints":{"allow":["GET"]}}],"collection":[{"href":"https:\/\/guiadenoticias.com.ar\/diario\/wp-json\/wp\/v2\/posts"}],"about":[{"href":"https:\/\/guiadenoticias.com.ar\/diario\/wp-json\/wp\/v2\/types\/post"}],"author":[{"embeddable":true,"href":"https:\/\/guiadenoticias.com.ar\/diario\/wp-json\/wp\/v2\/users\/1"}],"replies":[{"embeddable":true,"href":"https:\/\/guiadenoticias.com.ar\/diario\/wp-json\/wp\/v2\/comments?post=18314"}],"version-history":[{"count":1,"href":"https:\/\/guiadenoticias.com.ar\/diario\/wp-json\/wp\/v2\/posts\/18314\/revisions"}],"predecessor-version":[{"id":18316,"href":"https:\/\/guiadenoticias.com.ar\/diario\/wp-json\/wp\/v2\/posts\/18314\/revisions\/18316"}],"wp:featuredmedia":[{"embeddable":true,"href":"https:\/\/guiadenoticias.com.ar\/diario\/wp-json\/wp\/v2\/media\/18315"}],"wp:attachment":[{"href":"https:\/\/guiadenoticias.com.ar\/diario\/wp-json\/wp\/v2\/media?parent=18314"}],"wp:term":[{"taxonomy":"category","embeddable":true,"href":"https:\/\/guiadenoticias.com.ar\/diario\/wp-json\/wp\/v2\/categories?post=18314"},{"taxonomy":"post_tag","embeddable":true,"href":"https:\/\/guiadenoticias.com.ar\/diario\/wp-json\/wp\/v2\/tags?post=18314"}],"curies":[{"name":"wp","href":"https:\/\/api.w.org\/{rel}","templated":true}]}}