{"id":18412,"date":"2021-09-14T03:29:06","date_gmt":"2021-09-14T06:29:06","guid":{"rendered":"https:\/\/guiadenoticias.com.ar\/diario\/?p=18412"},"modified":"2021-09-16T03:32:12","modified_gmt":"2021-09-16T06:32:12","slug":"en-san-fernando-y-san-isidro-se-impusieron-los-oficialismos","status":"publish","type":"post","link":"https:\/\/guiadenoticias.com.ar\/diario\/en-san-fernando-y-san-isidro-se-impusieron-los-oficialismos\/","title":{"rendered":"En San Fernando y San Isidro se impusieron los oficialismos"},"content":{"rendered":"<p>La lista del Frente de Todos de San Fernando, encabezada por Eva Andreotti, sum\u00f3 en el recuento provisorio 43,2 puntos; por su parte, la interna de Juntos sum\u00f3 37 por ciento, de los cuales la boleta encabezada por Agustina Ciarletta obtuvo 23,4 por ciento y la de Claudio Alfons\u00edn, de Dar el Paso, con 13,5 por ciento. Le siguieron Avanza Libertad con 5,2 por ciento y el Frente de Izquierda y Trabajadores Unidad con 4 por ciento.<\/p>\n<p>En el marco de los festejos del domingo, el intendente Juan Andreotti agradeci\u00f3 \u201ca todos los vecinos y vecinas por seguir acompa\u00f1\u00e1ndonos, por seguir queriendo renovar la ciudad, cuidarla y haberse sentido acompa\u00f1ados durante este tiempo tan dif\u00edcil\u201d.<\/p>\n<p>En una jornada en la cual el FdT perdi\u00f3 en varias Comunas de la Primera Secci\u00f3n, el jefe comunal se\u00f1al\u00f3, \u201cesta es una elecci\u00f3n que todos los dirigentes pol\u00edticos tienen que escuchar, porque la gente quiere que le resolvamos los problemas del d\u00eda a d\u00eda en estos momentos dif\u00edciles que atravesamos, dejando de lado conflictos y discusiones sin sentido\u201d<\/p>\n<p>Otro fue el panorama en San Isidro, donde la interna de Juntos sum\u00f3 51,6 por ciento, imponi\u00e9ndose ampliamente la n\u00f3mina respaldada por el intendente Gustavo Posse, referenciada en Santilli. El Frente de Todos qued\u00f3 segundo muy relegado con dos listas que sumaron 18, 7 por ciento.<\/p>\n<p>El tercer espacio fue el vecinalismo de Convocaci\u00f3n C\u00edvica, que obtuvo en total 20 mil votos, que representan el 11 por ciento. Siguen en carrera tambi\u00e9n para noviembre Avanza Libertad con 6,3 por ciento, FIT U 4 por ciento y Vamos con Vos 2,3 por ciento.<\/p>\n","protected":false},"excerpt":{"rendered":"<p>La lista del Frente de Todos de San Fernando, encabezada por Eva Andreotti, sum\u00f3 en el recuento provisorio 43,2 puntos; por su parte, la interna de Juntos sum\u00f3 37 por ciento, de los cuales la boleta encabezada por Agustina Ciarletta obtuvo 23,4 por ciento y la de Claudio Alfons\u00edn, de Dar el Paso, con 13,5 [&hellip;]<\/p>\n","protected":false},"author":1,"featured_media":18415,"comment_status":"closed","ping_status":"open","sticky":false,"template":"","format":"standard","meta":{"footnotes":""},"categories":[20,48,22,21],"tags":[104,75,76,173,174],"class_list":{"0":"post-18412","1":"post","2":"type-post","3":"status-publish","4":"format-standard","5":"has-post-thumbnail","7":"category-municipios","8":"category-politica-argentina","9":"category-san-fernando","10":"category-san-isidro","11":"tag-frente-de-todos","12":"tag-gustavo-posse","13":"tag-juan-andreotti","14":"tag-juntos","15":"tag-paso"},"aioseo_notices":[],"_links":{"self":[{"href":"https:\/\/guiadenoticias.com.ar\/diario\/wp-json\/wp\/v2\/posts\/18412","targetHints":{"allow":["GET"]}}],"collection":[{"href":"https:\/\/guiadenoticias.com.ar\/diario\/wp-json\/wp\/v2\/posts"}],"about":[{"href":"https:\/\/guiadenoticias.com.ar\/diario\/wp-json\/wp\/v2\/types\/post"}],"author":[{"embeddable":true,"href":"https:\/\/guiadenoticias.com.ar\/diario\/wp-json\/wp\/v2\/users\/1"}],"replies":[{"embeddable":true,"href":"https:\/\/guiadenoticias.com.ar\/diario\/wp-json\/wp\/v2\/comments?post=18412"}],"version-history":[{"count":1,"href":"https:\/\/guiadenoticias.com.ar\/diario\/wp-json\/wp\/v2\/posts\/18412\/revisions"}],"predecessor-version":[{"id":18414,"href":"https:\/\/guiadenoticias.com.ar\/diario\/wp-json\/wp\/v2\/posts\/18412\/revisions\/18414"}],"wp:featuredmedia":[{"embeddable":true,"href":"https:\/\/guiadenoticias.com.ar\/diario\/wp-json\/wp\/v2\/media\/18415"}],"wp:attachment":[{"href":"https:\/\/guiadenoticias.com.ar\/diario\/wp-json\/wp\/v2\/media?parent=18412"}],"wp:term":[{"taxonomy":"category","embeddable":true,"href":"https:\/\/guiadenoticias.com.ar\/diario\/wp-json\/wp\/v2\/categories?post=18412"},{"taxonomy":"post_tag","embeddable":true,"href":"https:\/\/guiadenoticias.com.ar\/diario\/wp-json\/wp\/v2\/tags?post=18412"}],"curies":[{"name":"wp","href":"https:\/\/api.w.org\/{rel}","templated":true}]}}