{"id":18434,"date":"2021-09-19T01:52:14","date_gmt":"2021-09-19T04:52:14","guid":{"rendered":"https:\/\/guiadenoticias.com.ar\/diario\/?p=18434"},"modified":"2021-09-28T22:14:52","modified_gmt":"2021-09-29T01:14:52","slug":"quedo-ratificado-el-triunfo-de-petrillo-en-la-interna-de-juntos","status":"publish","type":"post","link":"https:\/\/guiadenoticias.com.ar\/diario\/quedo-ratificado-el-triunfo-de-petrillo-en-la-interna-de-juntos\/","title":{"rendered":"Qued\u00f3 ratificado el triunfo de Petrillo en la interna de Juntos"},"content":{"rendered":"<p>Andr\u00e9s Petrillo, que encabez\u00f3 la lista 506 2B en la interna de Juntos San Mart\u00edn, ratific\u00f3 el triunfo sobre la otra boleta con sello PRO de Ramiro Alonso L\u00f3pez y, adem\u00e1s, aument\u00f3 la diferencia de votos, seg\u00fan el escrutinio definitivo, realizado jueves y viernes en La Plata.<\/p>\n<p>Desde el domingo pasado, el resultado provisorio de la PASO 2021 daba por ganadora a la lista apoyada por Jorge Macri, por sobre la 1A y los candidatos radicales de Facundo Manes. Durante la semana, se despejaron dudas y corrigieron errores en la carga de datos oficiales, lo cual permiti\u00f3 ampliar a\u00fan m\u00e1s la cantidad de votos que recibi\u00f3 el actual funcionario de Vicente L\u00f3pez.<\/p>\n<p>\u201cJuntos San Mart\u00edn ha logrado ganar la elecci\u00f3n, tenemos que consolidar este triunfo y comenzar a recorrer el camino que nos lleve a recuperar el municipio\u201d, dijo Andr\u00e9s Petrillo tras los resultados que se impusieron al Frente de Todos.<\/p>\n","protected":false},"excerpt":{"rendered":"<p>Andr\u00e9s Petrillo, que encabez\u00f3 la lista 506 2B en la interna de Juntos San Mart\u00edn, ratific\u00f3 el triunfo sobre la otra boleta con sello PRO de Ramiro Alonso L\u00f3pez y, adem\u00e1s, aument\u00f3 la diferencia de votos, seg\u00fan el escrutinio definitivo, realizado jueves y viernes en La Plata. Desde el domingo pasado, el resultado provisorio de [&hellip;]<\/p>\n","protected":false},"author":1,"featured_media":18435,"comment_status":"closed","ping_status":"open","sticky":false,"template":"","format":"standard","meta":{"footnotes":""},"categories":[70,20,48,24],"tags":[71,173,174],"class_list":{"0":"post-18434","1":"post","2":"type-post","3":"status-publish","4":"format-standard","5":"has-post-thumbnail","7":"category-las-mas-leidas","8":"category-municipios","9":"category-politica-argentina","10":"category-san-martin","11":"tag-jorge-macri","12":"tag-juntos","13":"tag-paso"},"aioseo_notices":[],"_links":{"self":[{"href":"https:\/\/guiadenoticias.com.ar\/diario\/wp-json\/wp\/v2\/posts\/18434","targetHints":{"allow":["GET"]}}],"collection":[{"href":"https:\/\/guiadenoticias.com.ar\/diario\/wp-json\/wp\/v2\/posts"}],"about":[{"href":"https:\/\/guiadenoticias.com.ar\/diario\/wp-json\/wp\/v2\/types\/post"}],"author":[{"embeddable":true,"href":"https:\/\/guiadenoticias.com.ar\/diario\/wp-json\/wp\/v2\/users\/1"}],"replies":[{"embeddable":true,"href":"https:\/\/guiadenoticias.com.ar\/diario\/wp-json\/wp\/v2\/comments?post=18434"}],"version-history":[{"count":1,"href":"https:\/\/guiadenoticias.com.ar\/diario\/wp-json\/wp\/v2\/posts\/18434\/revisions"}],"predecessor-version":[{"id":18436,"href":"https:\/\/guiadenoticias.com.ar\/diario\/wp-json\/wp\/v2\/posts\/18434\/revisions\/18436"}],"wp:featuredmedia":[{"embeddable":true,"href":"https:\/\/guiadenoticias.com.ar\/diario\/wp-json\/wp\/v2\/media\/18435"}],"wp:attachment":[{"href":"https:\/\/guiadenoticias.com.ar\/diario\/wp-json\/wp\/v2\/media?parent=18434"}],"wp:term":[{"taxonomy":"category","embeddable":true,"href":"https:\/\/guiadenoticias.com.ar\/diario\/wp-json\/wp\/v2\/categories?post=18434"},{"taxonomy":"post_tag","embeddable":true,"href":"https:\/\/guiadenoticias.com.ar\/diario\/wp-json\/wp\/v2\/tags?post=18434"}],"curies":[{"name":"wp","href":"https:\/\/api.w.org\/{rel}","templated":true}]}}