{"id":1848,"date":"2016-04-28T01:40:41","date_gmt":"2016-04-28T04:40:41","guid":{"rendered":"http:\/\/guiadenoticias.com.ar\/diario\/?p=1848"},"modified":"2016-04-28T01:43:42","modified_gmt":"2016-04-28T04:43:42","slug":"avanza-en-el-congreso-la-ley-de-emergencia-ocupacional","status":"publish","type":"post","link":"https:\/\/guiadenoticias.com.ar\/diario\/avanza-en-el-congreso-la-ley-de-emergencia-ocupacional\/","title":{"rendered":"Avanza en el Congreso la ley de Emergencia Ocupacional"},"content":{"rendered":"<p>\u00abEn esta C\u00e1mara hace poco aceptamos pagar las deudas externas (con los holdouts), es hora de que empecemos a saldar las deudas sociales\u00bb. La frase del senador Daniel Lovera (PJ-FpV La Pampa) son\u00f3 como un sutil pase de facturas y anticip\u00f3 el tsunami parlamentario que los operadores del gobierno nacional no pudieron contener.<\/p>\n<p>Una de las peores pesadillas del macrismo comenz\u00f3 a materializarse en el Senado: los legisladores opositores unieron fuerzas y le dieron media sanci\u00f3n al proyecto de ley que proh\u00edbe los despidos por un lapso de 180 d\u00edas, tanto en el \u00e1mbito p\u00fablico como en el sector privado.<\/p>\n<p>En una sesi\u00f3n especial que dur\u00f3 casi 8 horas, la iniciativa fue avalada por 48 votos a favor y 16 en contra. En esta ocasi\u00f3n pareci\u00f3 cerrarse la grieta que divide al bloque del PJ-FpV: todos sus integrantes apoyaron el proyecto. Ahora la pelota pas\u00f3 a la C\u00e1mara baja, donde los referentes del oficialismo deber\u00e1n transpirar para juntar las firmas que le permitan derribar el proyecto.<\/p>\n<p>La perla de la noche fue obra y gracia de Federico Pinedo: el referente de Cambiemos se equivoc\u00f3 y voto a favor de la ley antidespidos. Tuvo que aclarar que se hab\u00eda equivocado y que en realidad estaba en contra.<\/p>\n<p>El senador Juan Mario Pa\u00eds (FpV &#8211; Chubut) se\u00f1al\u00f3 que \u201cesto no generar\u00e1 que las compa\u00f1\u00edas no contraten gente, porque no rige para los nuevos contratos de trabajo; s\u00f3lo protege a los que tienen una relaci\u00f3n por tiempo indeterminado\u00bb.<\/p>\n<p>\u00abEn la \u00e9poca de Carlos Menem se dec\u00eda que de Sierra Grande iba a salir la revoluci\u00f3n productiva. Al poco tiempo echaron a 1.000 trabajadores\u00bb, equipar\u00f3 la legisladora rionegrina Mar\u00eda Magdalena Odarda, sentada de frente al ex presidente riojano.<\/p>\n<p>La primera voz disonante de la sesi\u00f3n fue la de Federico Pinedo (Cambiemos): \u00abLo que tenemos que preguntarnos es si el cambio de reglas de juego es bueno para generar los cientos de miles de puestos de trabajo que quiere generar la Argentina. Nosotros creemos que no (&#8230;) Se est\u00e1 haciendo una propuesta acotada que no se preocupa por la situaci\u00f3n del trabajo en negro, ni por la situaci\u00f3n de las peque\u00f1as empresas\u00bb.<\/p>\n<p>El senador Luis Naidenoff (UCR \u2013 Formosa) habl\u00f3 de la \u00abamnesia de los que gobernaron 12 a\u00f1os\u00bb y hoy reclaman como oposici\u00f3n. \u00abEste no es el camino\u00bb, sentenci\u00f3 el radical, un rato antes de que Pamela Verasay (UCR \u2013 Mendoza) hiciera ruido con una reflexi\u00f3n estridente: \u00abQu\u00e9 bueno dictar la emergencia ocupacional, justo cuando se viene una marcha sindical. Muy bueno como estrategia pol\u00edtica, pero nada \u00fatil para colaborar en la reactivaci\u00f3n de la econom\u00eda\u00bb.<\/p>\n<p>En el tramo final del debate lleg\u00f3 el turno de Miguel \u00c1ngel Pichetto -l\u00edder del bloque PJ-FpV y tal vez la voz m\u00e1s esperada de la jornada-, que primero rechaz\u00f3 las propuestas para modificar el proyecto y luego justific\u00f3 su postura con un marcado y filoso perfil opositor.<\/p>\n<p>\u00abNadie debe sorprenderse por este debate, el Senado no se va a alejar de los trabajadores\u00bb, lanz\u00f3 a modo de respuesta para los que se animaron a catalogarlo como un opositor friendly.<\/p>\n<p>\u00abYo quiero que al Gobierno le vaya bien, pero esper\u00e1bamos algunos gestos y reflejos que deber\u00eda tener. Si hubieran hecho un acuerdo para frenar los despidos por 180 d\u00edas a la espera de que mejore la econom\u00eda, tal vez hoy este senador no estaba tratando esta ley\u00bb, especul\u00f3.<\/p>\n<p>Finalmente sorprendi\u00f3 con un pase de factura que estaba fuera de libreto: \u00abTambi\u00e9n esperamos que las provincias reciban lo que acordaron, firmaron un acuerdo para que les restituyan el 3% (de coparticipaci\u00f3n) este a\u00f1o. Nosotros acompa\u00f1amos para salir del default, pero esperamos que se cumpla con las provincias, que se respete la palabra\u00bb.<\/p>\n","protected":false},"excerpt":{"rendered":"<p>\u00abEn esta C\u00e1mara hace poco aceptamos pagar las deudas externas (con los holdouts), es hora de que empecemos a saldar las deudas sociales\u00bb. La frase del senador Daniel Lovera (PJ-FpV La Pampa) son\u00f3 como un sutil pase de facturas y anticip\u00f3 el tsunami parlamentario que los operadores del gobierno nacional no pudieron contener. Una de [&hellip;]<\/p>\n","protected":false},"author":1,"featured_media":1849,"comment_status":"closed","ping_status":"open","sticky":false,"template":"","format":"standard","meta":{"footnotes":""},"categories":[49,30,48],"tags":[],"class_list":{"0":"post-1848","1":"post","2":"type-post","3":"status-publish","4":"format-standard","5":"has-post-thumbnail","7":"category-economia-y-gremiales","8":"category-nacion","9":"category-politica-argentina"},"aioseo_notices":[],"_links":{"self":[{"href":"https:\/\/guiadenoticias.com.ar\/diario\/wp-json\/wp\/v2\/posts\/1848","targetHints":{"allow":["GET"]}}],"collection":[{"href":"https:\/\/guiadenoticias.com.ar\/diario\/wp-json\/wp\/v2\/posts"}],"about":[{"href":"https:\/\/guiadenoticias.com.ar\/diario\/wp-json\/wp\/v2\/types\/post"}],"author":[{"embeddable":true,"href":"https:\/\/guiadenoticias.com.ar\/diario\/wp-json\/wp\/v2\/users\/1"}],"replies":[{"embeddable":true,"href":"https:\/\/guiadenoticias.com.ar\/diario\/wp-json\/wp\/v2\/comments?post=1848"}],"version-history":[{"count":1,"href":"https:\/\/guiadenoticias.com.ar\/diario\/wp-json\/wp\/v2\/posts\/1848\/revisions"}],"predecessor-version":[{"id":1850,"href":"https:\/\/guiadenoticias.com.ar\/diario\/wp-json\/wp\/v2\/posts\/1848\/revisions\/1850"}],"wp:featuredmedia":[{"embeddable":true,"href":"https:\/\/guiadenoticias.com.ar\/diario\/wp-json\/wp\/v2\/media\/1849"}],"wp:attachment":[{"href":"https:\/\/guiadenoticias.com.ar\/diario\/wp-json\/wp\/v2\/media?parent=1848"}],"wp:term":[{"taxonomy":"category","embeddable":true,"href":"https:\/\/guiadenoticias.com.ar\/diario\/wp-json\/wp\/v2\/categories?post=1848"},{"taxonomy":"post_tag","embeddable":true,"href":"https:\/\/guiadenoticias.com.ar\/diario\/wp-json\/wp\/v2\/tags?post=1848"}],"curies":[{"name":"wp","href":"https:\/\/api.w.org\/{rel}","templated":true}]}}