{"id":18533,"date":"2021-10-08T00:36:09","date_gmt":"2021-10-08T03:36:09","guid":{"rendered":"https:\/\/guiadenoticias.com.ar\/diario\/?p=18533"},"modified":"2021-10-11T00:36:38","modified_gmt":"2021-10-11T03:36:38","slug":"los-movimientos-sociales-marcaron-la-cancha-en-chicago","status":"publish","type":"post","link":"https:\/\/guiadenoticias.com.ar\/diario\/los-movimientos-sociales-marcaron-la-cancha-en-chicago\/","title":{"rendered":"Los movimientos sociales marcaron la cancha en Chicago"},"content":{"rendered":"<p>El presidente Alberto Fern\u00e1ndez afirm\u00f3 que los integrantes del Frente de Todos (FdT) est\u00e1n \u00abm\u00e1s enteros que nunca\u00bb para las elecciones del 14 de noviembre y ratific\u00f3 ante los movimientos sociales su intenci\u00f3n de \u00abcambiar planes por empleo\u00bb genuino y registrado, una iniciativa que se reflejar\u00e1 en el env\u00edo de un proyecto en esa materia al Congreso por parte del Poder Ejecutivo.<\/p>\n<p><strong>Al encabezar en el estadio de Nueva Chicago, en el barrio porte\u00f1o de Mataderos, el cierre de un plenario del Movimiento Evita y otras organizaciones convocado bajo la consigna \u00abPor la unidad y la victoria\u00bb, Fern\u00e1ndez plante\u00f3 que \u00abno es tiempo en el siglo XXI de que haya argentinos pele\u00e1ndola en soledad para sobrevivir\u00bb<\/strong>, al advertir que en el pa\u00eds \u00abno hay que sobrevivir, sino disfrutar de la vida\u00bb.<\/p>\n<p>\u00abEmpezamos a ver el amanecer de un tiempo distinto\u00bb, se entusiasm\u00f3, y en esa l\u00ednea se\u00f1al\u00f3 que tras 99 d\u00edas de gesti\u00f3n el \u00abvirus paralizaba al mundo\u00bb, e hizo la referencia metaf\u00f3rica que \u00abel d\u00eda 100 ha llegado\u00bb y \u00abhoy empieza el tiempo\u00bb en el que la Argentina va a \u00abrecuperar la producci\u00f3n y el empleo\u00bb.<\/p>\n<p>Adem\u00e1s, el Presidente dej\u00f3 en claro que cuando dice que \u00abhay que cambiar los planes\u00bb sociales, no quiere decir \u00abcambiar planes por trabajo, porque trabajo ya tienen\u00bb, sino por \u00abempleo\u00bb genuino y registrado para que \u00abtodos tengan los derechos que un trabajador formal\u00bb.<\/p>\n<p>En sus cr\u00edticas a la gesti\u00f3n de Juntos por el Cambio, apunt\u00f3 que mientras el expresidente Mauricio Macri \u00abbrindaba en Miami y sonre\u00eda\u00bb junto al exministro de Econom\u00eda Nicol\u00e1s Dujovne, \u00e9l sigue \u00abpeleando con el FMI\u00bb para alcanzar un acuerdo por el pago de la deuda. \u00abEl a\u00f1o pr\u00f3ximo vencen 19 mil millones de d\u00f3lares que condicionan nuestro crecimiento y el desarrollo\u00bb, alert\u00f3.<\/p>\n<p>Asistieron tambi\u00e9n al acto el ministro del Interior, Eduardo de Pedro; el presidente del bloque del Frente de Todos de la C\u00e1mara de Diputados, M\u00e1ximo Kirchner; el secretario de Asuntos Estrat\u00e9gicos de la Presidencia, Gustavo B\u00e9liz, y el secretario General de la Presidencia, Julio Vitobello. Y el ministro de Desarrollo Social, Juan Zabaleta; el secretario general de la Uni\u00f3n Obrera de la Construcci\u00f3n de la Rep\u00fablica Argentina (Uocra), Gerardo Mart\u00ednez, el diputado nacional Eduardo Vald\u00e9s y los candidatos para las legislativas.<\/p>\n<p>M\u00e1ximo Kirchner, quien precedi\u00f3 al mandatario en los discursos, asegur\u00f3 que \u00abs\u00f3lo el pueblo va a salvar el pueblo\u00bb y pidi\u00f3 a los argentinos que \u00abse involucren\u00bb para \u00abcambiar el destino del pa\u00eds\u00bb.<\/p>\n<p>Adem\u00e1s, solicit\u00f3 honrar el compromiso asumido con la gente y poner un freno a la especulaci\u00f3n que genera alza de precios. \u00abAyudemos al Presidente, a Cristina y a Axel (Kicillof) a bajar los precios y ponerle un freno a los especuladores\u00bb, enfatiz\u00f3, y convoc\u00f3 \u00aba todos y todas a construir la Argentina que permita al pueblo la dignidad del trabajo\u00bb.<\/p>\n<p>El l\u00edder de La C\u00e1mpora agradeci\u00f3 tambi\u00e9n la invitaci\u00f3n y felicit\u00f3 a la multitud presente. \u00abCelebro est\u00e1 invitaci\u00f3n y a esta enorme asamblea del pueblo\u00bb. Directo enfatiz\u00f3 la necesidad de decirle \u00abbasta a los celulares y redes\u00bb y volver a \u00abcaminar rancho a rancho\u00bb.<br \/>\nPor su parte, el referente del Movimiento Evita y secretario de Relaciones Parlamentarias de la jefatura de Gabinete, Fernando &#8216;Chino&#8217; Navarro, se\u00f1al\u00f3 que \u00abeste acto sirve si a los pol\u00edticos como yo les quede claro que no es posible transformar la realidad sin la organizaci\u00f3n popular\u00bb, y sostuvo que \u00absin la mujer y el hombre del barrio, sin los pibes y la do\u00f1a del barrio no hay posibilidad de transformar la realidad\u00bb.<\/p>\n<p>\u00abA veces los pol\u00edticos le tenemos miedo a la organizaci\u00f3n popular\u00bb, expres\u00f3 Navarro, y refiri\u00f3 que \u00abno hay que tenerle miedo, Per\u00f3n con Evita form\u00f3 la comunidad organizada y la comunidad organizada era el pueblo organizado, el pueblo de pie, como est\u00e1n todos ac\u00e1\u00bb.<\/p>\n<p>El referente del movimiento Evita y secretario de la Econom\u00eda Social del Ministerio de Desarrollo Social, Emilio P\u00e9rsico, indic\u00f3 que \u00abestamos iniciando la campa\u00f1a para ir casa por casa para buscar los votos\u00bb. Y propuso realizar un \u00abacto de 200 mil compa\u00f1eros para el cierre de campa\u00f1a, porque as\u00ed lo hacemos los peronistas\u00bb. En una de las frases m\u00e1s pol\u00e9micas del encuentro lanz\u00f3: \u201cN\u00e9stor Kirchner dec\u00eda que necesit\u00e1bamos 20 a\u00f1os para consolidar el modelo, yo lo digo m\u00e1s brutal, creo que esta democracia de la alternancia no camina\u00bb.<\/p>\n<p><strong>Los organizadores convocantes al plenario militante fueron el Movimiento Evita, Somos Barrios de Pie, Organizaci\u00f3n 25 de Mayo, Coordinadora de Trabajadores Desocupados (CTD) An\u00edbal Ver\u00f3n, Corriente Nuestra Patria, Frente 22 de Agosto, Frente Desocupado Eva Per\u00f3n, MNCI V\u00eda Campesina, MTL y CCC.<\/strong><\/p>\n<p><strong>Tambi\u00e9n lo fueron el Movimiento de Unidad Popular (MUP)\/Frente de Organizaciones Populares (FOP), Octubres, Corriente Pueblo Unido, Movimiento por la Paz (MPDL), Movimiento Popular Los Pibes, Organizaci\u00f3n Libres del Pueblo (OLP), Movimiento Popular (MP) La Resistencia, Mart\u00edn Fierro, Frente Nacional Contra la Pobreza (Frenapo), Nueva Independencia y N\u00e9stor Kirchner.<\/strong><\/p>\n<p><em>CLAUSURA<\/em><\/p>\n<p>Ahora, la Justicia de la Ciudad de Buenos Aires investiga si se viol\u00f3 el aforo en el acto en el estadio de Nueva Chicago que cerr\u00f3 Alberto Fern\u00e1ndez. La fiscal Celsa Ram\u00edrez, a cargo de la fiscal\u00eda especializada en eventos masivos del Ministerio P\u00fablico Fiscal de la Ciudad Aut\u00f3noma de Buenos Aires (MPF), intervino de oficio y dispuso el allanamiento y la clausura de la cancha, lo que fue concedido por el juez Javier Alejandro Buj\u00e1n.<\/p>\n<p>Seg\u00fan el \u00faltimo decreto presidencial, el aforo permitido en estadios es del 50%. Por ese motivo, los presidentes de las comisiones directivas de los clubes River Plate y V\u00e9lez recibieron imputaciones luego de los partidos disputados la semana anterior. Sin embargo, para el resto de eventos masivos existe un tope de 6.000 personas tanto en interior como en exterior, con recomendaci\u00f3n de distancia. En el acto no se observ\u00f3 la implementaci\u00f3n de los protocolos y la locutora del evento afirm\u00f3 que hab\u00eda congregadas 40 mil personas.<\/p>\n","protected":false},"excerpt":{"rendered":"<p>El presidente Alberto Fern\u00e1ndez afirm\u00f3 que los integrantes del Frente de Todos (FdT) est\u00e1n \u00abm\u00e1s enteros que nunca\u00bb para las elecciones del 14 de noviembre y ratific\u00f3 ante los movimientos sociales su intenci\u00f3n de \u00abcambiar planes por empleo\u00bb genuino y registrado, una iniciativa que se reflejar\u00e1 en el env\u00edo de un proyecto en esa materia [&hellip;]<\/p>\n","protected":false},"author":1,"featured_media":18534,"comment_status":"closed","ping_status":"open","sticky":false,"template":"","format":"standard","meta":{"footnotes":""},"categories":[30,48],"tags":[82,104,151],"class_list":{"0":"post-18533","1":"post","2":"type-post","3":"status-publish","4":"format-standard","5":"has-post-thumbnail","7":"category-nacion","8":"category-politica-argentina","9":"tag-alberto-fernandez","10":"tag-frente-de-todos","11":"tag-maximo-kirchner"},"aioseo_notices":[],"_links":{"self":[{"href":"https:\/\/guiadenoticias.com.ar\/diario\/wp-json\/wp\/v2\/posts\/18533","targetHints":{"allow":["GET"]}}],"collection":[{"href":"https:\/\/guiadenoticias.com.ar\/diario\/wp-json\/wp\/v2\/posts"}],"about":[{"href":"https:\/\/guiadenoticias.com.ar\/diario\/wp-json\/wp\/v2\/types\/post"}],"author":[{"embeddable":true,"href":"https:\/\/guiadenoticias.com.ar\/diario\/wp-json\/wp\/v2\/users\/1"}],"replies":[{"embeddable":true,"href":"https:\/\/guiadenoticias.com.ar\/diario\/wp-json\/wp\/v2\/comments?post=18533"}],"version-history":[{"count":1,"href":"https:\/\/guiadenoticias.com.ar\/diario\/wp-json\/wp\/v2\/posts\/18533\/revisions"}],"predecessor-version":[{"id":18535,"href":"https:\/\/guiadenoticias.com.ar\/diario\/wp-json\/wp\/v2\/posts\/18533\/revisions\/18535"}],"wp:featuredmedia":[{"embeddable":true,"href":"https:\/\/guiadenoticias.com.ar\/diario\/wp-json\/wp\/v2\/media\/18534"}],"wp:attachment":[{"href":"https:\/\/guiadenoticias.com.ar\/diario\/wp-json\/wp\/v2\/media?parent=18533"}],"wp:term":[{"taxonomy":"category","embeddable":true,"href":"https:\/\/guiadenoticias.com.ar\/diario\/wp-json\/wp\/v2\/categories?post=18533"},{"taxonomy":"post_tag","embeddable":true,"href":"https:\/\/guiadenoticias.com.ar\/diario\/wp-json\/wp\/v2\/tags?post=18533"}],"curies":[{"name":"wp","href":"https:\/\/api.w.org\/{rel}","templated":true}]}}