{"id":18631,"date":"2021-10-27T16:35:35","date_gmt":"2021-10-27T19:35:35","guid":{"rendered":"https:\/\/guiadenoticias.com.ar\/diario\/?p=18631"},"modified":"2021-10-28T16:36:02","modified_gmt":"2021-10-28T19:36:02","slug":"el-homenaje-central-a-nk-fue-en-moron","status":"publish","type":"post","link":"https:\/\/guiadenoticias.com.ar\/diario\/el-homenaje-central-a-nk-fue-en-moron\/","title":{"rendered":"El homenaje central a NK fue en Mor\u00f3n"},"content":{"rendered":"<p>La figura de N\u00e9stor Kirchner, el tenor de sus discursos y sus principales conceptos resonaron durante todo el 27 de octubre en las redes sociales y medios de comunicaci\u00f3n, a once a\u00f1os de su muerte. Por la tarde, en el homenaje en Club Deportivo Mor\u00f3n, el presidente Alberto Fern\u00e1ndez enfatiz\u00f3 que su gobierno no va a \u00abarrodillarse\u00bb ante el FMI y prometi\u00f3 que buscar\u00e1 un acuerdo que \u00abno condicione\u00bb el futuro de los argentinos, al trazar un paralelo entre la situaci\u00f3n que viv\u00eda el pa\u00eds en 2019 y la que afront\u00f3 en 2003 al asumir el poder N\u00e9stor Kirchner.<\/p>\n<p>Entre las figuras del Frente de Todos que participaron del tributo estuvieron el presidente de la C\u00e1mara de Diputados, Sergio Massa; el titular de la bancada oficialista en la C\u00e1mara baja, M\u00e1ximo Kirchner; los candidatos a diputados Victoria Tolosa Paz, Daniel Gollan, Daniel Arroyo y Leandro Santoro. Tambi\u00e9n, el jefe de Gabinete, Juan Manzur; el gobernador bonaerense, Axel Kicillof; y ministros como An\u00edbal Fern\u00e1ndez, Claudio Moroni, Jorge Taiana, Jorge Ferraresi, Santiago Cafiero, Gabriel Katopodis, Daniel Filmus, Juan Zabaleta y Trist\u00e1n Bauer.<\/p>\n<p>Fueron parte, adem\u00e1s, el secretario general del gremio de camioneros, Hugo Moyano; el dirigente de la CTA de los Trabajadores y diputado nacional, Hugo Yasky; el secretario general de Suteba, Roberto Baradel; y el secretario general de la Asociaci\u00f3n Bancaria y candidato, Sergio Palazzo. Otras personalidades presentes fueron el diputado Leopoldo Moreau; la titular de Abuelas de Plaza de Mayo, Estela de Carlotto; la titular del Inadi, Victoria Donda; el intendente de Mor\u00f3n, Lucas Ghi, y dirigentes distritales.<\/p>\n<p>\u00abNo vamos a hacer un acuerdo que deje m\u00e1s postergados a los argentinos; si todav\u00eda no cerramos es porque no nos vamos a arrodillar por pagar una deuda; voy a cerrar con el Fondo el d\u00eda que sepa que eso no condiciona el futuro de los argentinos\u00bb, expres\u00f3 durante su discurso el Presidente, \u00fanico orador de un encuentro multitudinario que tuvo la consigna \u00abprimero se crece, luego se paga\u00bb.<\/p>\n<p>Frente a un estadio colmado de militantes, Fern\u00e1ndez reivindic\u00f3 las pol\u00edticas impulsadas por Kirchner y asegur\u00f3 que para su gesti\u00f3n \u00abnada hay m\u00e1s importante que sacar del pozo de la pobreza a los argentinos que han ca\u00eddo ah\u00ed\u00bb. Agreg\u00f3 que \u00abno pensamos en un pa\u00eds para pocos, sino para todos; no tenemos esa idea que dice que en Argentina sobran 20 millones de habitantes\u00bb.<\/p>\n<p>El acto se inici\u00f3 con la marcha peronista y con la proyecci\u00f3n de un video que reprodujo los conceptos pol\u00edticos de N\u00e9stor Kirchner en sus discursos. Tras definirlo como una \u00abgu\u00eda\u00bb y remarcar el honor que signific\u00f3 para \u00e9l haberlo acompa\u00f1ado como jefe de Gabinete, Fern\u00e1ndez asegur\u00f3 que la figura del ex presidente tiene un lugar clave en la historia argentina.<\/p>\n<p>\u00abTodos sabemos qui\u00e9n juega para la gente y el pueblo y qui\u00e9n para otros intereses\u00bb, reflexion\u00f3, y expres\u00f3 sus deseos que \u00ablos diarios le digan al Fondo que se haga responsable del da\u00f1o que hizo d\u00e1ndole a Argentina una deuda que no se pod\u00eda pagar\u00bb.<\/p>\n<p>Horas antes del inicio del encuentro en Mor\u00f3n, su esposa, la vicepresidenta Cristina Fern\u00e1ndez, poste\u00f3 el mismo video que se reprodujo luego en el estadio y que muestra al exjefe de Estado en distintas etapas de su vida pol\u00edtica y permite escuchar algunos de sus discursos.<\/p>\n<p>\u00abNo estamos en el negocio de la pol\u00edtica, estamos en la transformaci\u00f3n de la Patria\u00bb, es la primera frase que dice en el video, que suma las ideas centrales que orientaron sus pol\u00edticas y concluye con una frase destinada a los acreedores externos del pa\u00eds: \u00abNegociar con dignidad, con firmeza, pero primero la Argentina. Es hora que los argentinos pensemos primero fuertemente en nosotros\u00bb.<\/p>\n","protected":false},"excerpt":{"rendered":"<p>La figura de N\u00e9stor Kirchner, el tenor de sus discursos y sus principales conceptos resonaron durante todo el 27 de octubre en las redes sociales y medios de comunicaci\u00f3n, a once a\u00f1os de su muerte. Por la tarde, en el homenaje en Club Deportivo Mor\u00f3n, el presidente Alberto Fern\u00e1ndez enfatiz\u00f3 que su gobierno no va [&hellip;]<\/p>\n","protected":false},"author":1,"featured_media":18632,"comment_status":"closed","ping_status":"open","sticky":false,"template":"","format":"standard","meta":{"footnotes":""},"categories":[20,30,48,31],"tags":[82,104,111],"class_list":{"0":"post-18631","1":"post","2":"type-post","3":"status-publish","4":"format-standard","5":"has-post-thumbnail","7":"category-municipios","8":"category-nacion","9":"category-politica-argentina","10":"category-provincia","11":"tag-alberto-fernandez","12":"tag-frente-de-todos","13":"tag-nestor-kirchner"},"aioseo_notices":[],"_links":{"self":[{"href":"https:\/\/guiadenoticias.com.ar\/diario\/wp-json\/wp\/v2\/posts\/18631","targetHints":{"allow":["GET"]}}],"collection":[{"href":"https:\/\/guiadenoticias.com.ar\/diario\/wp-json\/wp\/v2\/posts"}],"about":[{"href":"https:\/\/guiadenoticias.com.ar\/diario\/wp-json\/wp\/v2\/types\/post"}],"author":[{"embeddable":true,"href":"https:\/\/guiadenoticias.com.ar\/diario\/wp-json\/wp\/v2\/users\/1"}],"replies":[{"embeddable":true,"href":"https:\/\/guiadenoticias.com.ar\/diario\/wp-json\/wp\/v2\/comments?post=18631"}],"version-history":[{"count":1,"href":"https:\/\/guiadenoticias.com.ar\/diario\/wp-json\/wp\/v2\/posts\/18631\/revisions"}],"predecessor-version":[{"id":18633,"href":"https:\/\/guiadenoticias.com.ar\/diario\/wp-json\/wp\/v2\/posts\/18631\/revisions\/18633"}],"wp:featuredmedia":[{"embeddable":true,"href":"https:\/\/guiadenoticias.com.ar\/diario\/wp-json\/wp\/v2\/media\/18632"}],"wp:attachment":[{"href":"https:\/\/guiadenoticias.com.ar\/diario\/wp-json\/wp\/v2\/media?parent=18631"}],"wp:term":[{"taxonomy":"category","embeddable":true,"href":"https:\/\/guiadenoticias.com.ar\/diario\/wp-json\/wp\/v2\/categories?post=18631"},{"taxonomy":"post_tag","embeddable":true,"href":"https:\/\/guiadenoticias.com.ar\/diario\/wp-json\/wp\/v2\/tags?post=18631"}],"curies":[{"name":"wp","href":"https:\/\/api.w.org\/{rel}","templated":true}]}}