{"id":18701,"date":"2021-11-11T23:07:18","date_gmt":"2021-11-12T02:07:18","guid":{"rendered":"https:\/\/guiadenoticias.com.ar\/diario\/?p=18701"},"modified":"2021-12-08T23:22:57","modified_gmt":"2021-12-09T02:22:57","slug":"marinucci-y-debandi-recorrieron-terrenos-en-martin-coronado","status":"publish","type":"post","link":"https:\/\/guiadenoticias.com.ar\/diario\/marinucci-y-debandi-recorrieron-terrenos-en-martin-coronado\/","title":{"rendered":"Marinucci y Debandi recorrieron terrenos en Mart\u00edn Coronado"},"content":{"rendered":"<p>Vecinas y vecinos convocaron a funcionarios para agradecer el desmalezamiento del predio ferroviario, ubicado frente a la Planta de la ex Peugeot, entre Mart\u00edn Coronado y Ciudad Jard\u00edn. Concurrieron el presidente de Trenes Argentinos y Trenes Argentinos Infraestructura, Mart\u00edn Marinucci; el vicepresidente de la Agencia de Administraci\u00f3n de Bienes del Estado y candidato a concejal por el Frente de Todos, Juan Debandi; la responsable de g\u00e9nero y diversidad de Trenes Argentinos y segunda en la lista, Jimena Bondaruk, y el edil massista Diego Achilli.<\/p>\n<p>El lugar cuenta con diez hect\u00e1reas de terreno, donde Trenes Argentinos se encarg\u00f3 de realizar el desmalezamiento y la desratizaci\u00f3n. El desmalezamiento se hab\u00eda hecho en octubre por reiterados reclamos de la gente, ya que causaba problemas por las alima\u00f1as; adem\u00e1s de la limpieza del terreno, fumigaron y reforzaron la seguridad con patrulleros que recorren la zona, iluminaci\u00f3n perimetral y garitas de seguridad.<\/p>\n<p>Hist\u00f3ricamente, el espacio estuvo abandonado. Marinucci se comprometi\u00f3 a convertirlo en un lugar que pueda ser concurrido. Los vecinos reclamaron que se fren\u00f3 la obra, a esto el moronense respondi\u00f3 que \u201clos tiempos no son los que uno desea, lo importante es que ya vieron muestra del compromiso que asumieron Debandi y Bondaruk\u201d.<\/p>\n<p>All\u00ed se encuentra material ferroviario en desuso. El presidente de Trenes Argentinos explic\u00f3 que la intenci\u00f3n es \u201csacar los vagones y llevarlos a otros predios para generar su desafectaci\u00f3n, pero existen algunos vagones que van a quedar, otros podr\u00edan usarse como piezas para museo. Este es un espacio ferroviario, lo peor que podemos hacer es eliminar la historia\u201d.<\/p>\n<p>Por otro lado, Juan Debandi hab\u00eda llevado la idea al municipio, pero no logr\u00f3 trabajar en conjunto con el Estado local, y explic\u00f3: \u201cHubo una demanda importante de los vecinos, la tomamos y empezamos a trabajar. Hablamos con los distintos niveles del Estado, incluido el municipio, con quienes nos reunimos dos veces. Encontramos en Trenes Argentinos la capacidad para resolverlo \u00edntegramente\u201d.<\/p>\n<p>El proyecto cuenta con dos etapas, la primera es el desmalezamiento y la segunda, que a\u00fan no comenz\u00f3 formalmente a gestarse, se trata de construir, en conjunto con el Ministerio de Obras P\u00fablicas el \u201cParque Argentino\u201d.<\/p>\n<p>\u201cLa intenci\u00f3n es desarrollar un parque en el marco de una decisi\u00f3n estrat\u00e9gica del presidente Alberto Fern\u00e1ndez con el ministro Katopodis de llevar adelante un programa de parques argentinos, que cumple con una tarea fundamental de sustentabilidad, y de ambiente\u201d, expres\u00f3 Debandi , y remarc\u00f3, \u201cesta es una de las muchas inversiones importantes que se hacen en Tres de Febrero desde hace un a\u00f1o y medio, demostramos que se puede trabajar en conjunto con el Estado provincial y el nacional, esperamos en alg\u00fan momento incluir al municipio para llevarlo adelante como corresponde\u201d.<\/p>\n","protected":false},"excerpt":{"rendered":"<p>Vecinas y vecinos convocaron a funcionarios para agradecer el desmalezamiento del predio ferroviario, ubicado frente a la Planta de la ex Peugeot, entre Mart\u00edn Coronado y Ciudad Jard\u00edn. Concurrieron el presidente de Trenes Argentinos y Trenes Argentinos Infraestructura, Mart\u00edn Marinucci; el vicepresidente de la Agencia de Administraci\u00f3n de Bienes del Estado y candidato a concejal [&hellip;]<\/p>\n","protected":false},"author":1,"featured_media":18702,"comment_status":"closed","ping_status":"open","sticky":false,"template":"","format":"standard","meta":{"footnotes":""},"categories":[20,26],"tags":[104,160],"class_list":{"0":"post-18701","1":"post","2":"type-post","3":"status-publish","4":"format-standard","5":"has-post-thumbnail","7":"category-municipios","8":"category-tres-de-febrero","9":"tag-frente-de-todos","10":"tag-juan-debandi"},"aioseo_notices":[],"_links":{"self":[{"href":"https:\/\/guiadenoticias.com.ar\/diario\/wp-json\/wp\/v2\/posts\/18701","targetHints":{"allow":["GET"]}}],"collection":[{"href":"https:\/\/guiadenoticias.com.ar\/diario\/wp-json\/wp\/v2\/posts"}],"about":[{"href":"https:\/\/guiadenoticias.com.ar\/diario\/wp-json\/wp\/v2\/types\/post"}],"author":[{"embeddable":true,"href":"https:\/\/guiadenoticias.com.ar\/diario\/wp-json\/wp\/v2\/users\/1"}],"replies":[{"embeddable":true,"href":"https:\/\/guiadenoticias.com.ar\/diario\/wp-json\/wp\/v2\/comments?post=18701"}],"version-history":[{"count":1,"href":"https:\/\/guiadenoticias.com.ar\/diario\/wp-json\/wp\/v2\/posts\/18701\/revisions"}],"predecessor-version":[{"id":18703,"href":"https:\/\/guiadenoticias.com.ar\/diario\/wp-json\/wp\/v2\/posts\/18701\/revisions\/18703"}],"wp:featuredmedia":[{"embeddable":true,"href":"https:\/\/guiadenoticias.com.ar\/diario\/wp-json\/wp\/v2\/media\/18702"}],"wp:attachment":[{"href":"https:\/\/guiadenoticias.com.ar\/diario\/wp-json\/wp\/v2\/media?parent=18701"}],"wp:term":[{"taxonomy":"category","embeddable":true,"href":"https:\/\/guiadenoticias.com.ar\/diario\/wp-json\/wp\/v2\/categories?post=18701"},{"taxonomy":"post_tag","embeddable":true,"href":"https:\/\/guiadenoticias.com.ar\/diario\/wp-json\/wp\/v2\/tags?post=18701"}],"curies":[{"name":"wp","href":"https:\/\/api.w.org\/{rel}","templated":true}]}}