{"id":18723,"date":"2021-11-15T21:35:38","date_gmt":"2021-11-16T00:35:38","guid":{"rendered":"https:\/\/guiadenoticias.com.ar\/diario\/?p=18723"},"modified":"2021-11-19T03:56:10","modified_gmt":"2021-11-19T06:56:10","slug":"juntos-vl-saco-el-porcentaje-de-votos-mas-alto-de-provincia","status":"publish","type":"post","link":"https:\/\/guiadenoticias.com.ar\/diario\/juntos-vl-saco-el-porcentaje-de-votos-mas-alto-de-provincia\/","title":{"rendered":"Juntos VL sac\u00f3 el porcentaje de votos m\u00e1s alto de Provincia"},"content":{"rendered":"<p>Juntos se impuso en las elecciones en Vicente L\u00f3pez con el 58,5% de los votos a nivel local. La lista de candidatos a concejales de Juntos del intendente y presidente del PRO de la provincia de Buenos Aires, Jorge Macri, le sac\u00f3 m\u00e1s del 35% de diferencia a la lista del Frente de Todos (22 %). Esta es la mayor amplitud de votos de este espacio de toda la provincia. Adem\u00e1s, Vicente L\u00f3pez fue el municipio del Conurbano Bonaerense donde aument\u00f3 su diferencia respecto del kirchnerismo y las PASO.<\/p>\n<p>A su vez, la n\u00f3mina de Juntos a nivel provincial venci\u00f3 en las elecciones PASO con un porcentaje de 37% al FdT y ahora se impuso por m\u00e1s del 40%. Desde el entorno del jefe comunal se\u00f1alaron que \u201cJorge Macri recorri\u00f3 los distritos bonaerenses desde el inicio de la campa\u00f1a para consolidar la unidad de Juntos y lograr este triunfo contundente\u201d.<\/p>\n<p>En la jornada electoral, expres\u00f3: \u201cQuiero rescatar el esp\u00edritu de unidad de PRO y agradecer a todas las fuerzas que lo componen, sin ninguna duda aprendimos mucho, y en especial agradecerle a cada uno de los bonaerenses que fueron a votar, ojal\u00e1 avancemos con la boleta \u00fanica y terminemos con este sistema arcaico\u201d.<\/p>\n<p>Y redonde\u00f3, \u201clos vecinos nos dieron una vez m\u00e1s su voto de confianza para representarlos y seguir transformando Vicente L\u00f3pez\u201d. Si en el recuento definitivo se mantienen los guarismos, por juntos ingresar\u00edan 7 concejales; 3 del FdT y 2 de Avanza Libertad, que en los comicios obtuvo casi 10 puntos.<\/p>\n","protected":false},"excerpt":{"rendered":"<p>Juntos se impuso en las elecciones en Vicente L\u00f3pez con el 58,5% de los votos a nivel local. La lista de candidatos a concejales de Juntos del intendente y presidente del PRO de la provincia de Buenos Aires, Jorge Macri, le sac\u00f3 m\u00e1s del 35% de diferencia a la lista del Frente de Todos (22 [&hellip;]<\/p>\n","protected":false},"author":1,"featured_media":18724,"comment_status":"closed","ping_status":"open","sticky":false,"template":"","format":"standard","meta":{"footnotes":""},"categories":[70,20,48,25],"tags":[185,71,173],"class_list":{"0":"post-18723","1":"post","2":"type-post","3":"status-publish","4":"format-standard","5":"has-post-thumbnail","7":"category-las-mas-leidas","8":"category-municipios","9":"category-politica-argentina","10":"category-vicente-lopez","11":"tag-elecciones-2021","12":"tag-jorge-macri","13":"tag-juntos"},"aioseo_notices":[],"_links":{"self":[{"href":"https:\/\/guiadenoticias.com.ar\/diario\/wp-json\/wp\/v2\/posts\/18723","targetHints":{"allow":["GET"]}}],"collection":[{"href":"https:\/\/guiadenoticias.com.ar\/diario\/wp-json\/wp\/v2\/posts"}],"about":[{"href":"https:\/\/guiadenoticias.com.ar\/diario\/wp-json\/wp\/v2\/types\/post"}],"author":[{"embeddable":true,"href":"https:\/\/guiadenoticias.com.ar\/diario\/wp-json\/wp\/v2\/users\/1"}],"replies":[{"embeddable":true,"href":"https:\/\/guiadenoticias.com.ar\/diario\/wp-json\/wp\/v2\/comments?post=18723"}],"version-history":[{"count":2,"href":"https:\/\/guiadenoticias.com.ar\/diario\/wp-json\/wp\/v2\/posts\/18723\/revisions"}],"predecessor-version":[{"id":18726,"href":"https:\/\/guiadenoticias.com.ar\/diario\/wp-json\/wp\/v2\/posts\/18723\/revisions\/18726"}],"wp:featuredmedia":[{"embeddable":true,"href":"https:\/\/guiadenoticias.com.ar\/diario\/wp-json\/wp\/v2\/media\/18724"}],"wp:attachment":[{"href":"https:\/\/guiadenoticias.com.ar\/diario\/wp-json\/wp\/v2\/media?parent=18723"}],"wp:term":[{"taxonomy":"category","embeddable":true,"href":"https:\/\/guiadenoticias.com.ar\/diario\/wp-json\/wp\/v2\/categories?post=18723"},{"taxonomy":"post_tag","embeddable":true,"href":"https:\/\/guiadenoticias.com.ar\/diario\/wp-json\/wp\/v2\/tags?post=18723"}],"curies":[{"name":"wp","href":"https:\/\/api.w.org\/{rel}","templated":true}]}}