{"id":18742,"date":"2021-11-16T03:36:36","date_gmt":"2021-11-16T06:36:36","guid":{"rendered":"https:\/\/guiadenoticias.com.ar\/diario\/?p=18742"},"modified":"2021-11-22T01:51:42","modified_gmt":"2021-11-22T04:51:42","slug":"daniela-reich-el-peronismo-no-logro-quebrantar-ni-una-sola-eleccion","status":"publish","type":"post","link":"https:\/\/guiadenoticias.com.ar\/diario\/daniela-reich-el-peronismo-no-logro-quebrantar-ni-una-sola-eleccion\/","title":{"rendered":"Daniela Reich: \u201cEl peronismo no logr\u00f3 quebrantar ni una sola elecci\u00f3n\u201d"},"content":{"rendered":"<p>En el b\u00fanker de Juntos de Tres de Febrero, el domingo noche \u2013 madrugada hab\u00eda clima de fiesta. M\u00fasica, baile, saltos, a la espera de la llegada del intendente Diego Valenzuela y la senadora seccional reelecta Daniela Reich, que primero pasaron por el b\u00fanker de La Plata. En su discurso, el jefe comunal destac\u00f3 el trabajo de equipo y anticip\u00f3 que m\u00e1s all\u00e1 del triunfo local, no espera tiempos f\u00e1ciles crisis econ\u00f3mica \u2013 social mediante.<\/p>\n<p>En un alto de los festejos y las selfies, Gu\u00eda de Noticias dialog\u00f3 con la senadora Reich, quien camin\u00f3 varias veces en campa\u00f1a las calles de Tres de Febrero, destac\u00f3 que \u201cen un distrito que fue gobernado por 24 a\u00f1os por el peronismo no logr\u00f3 quebrantar ni una sola elecci\u00f3n\u201d.<\/p>\n<p><em>El resultado de las elecciones, \u00bfse dio como lo imaginabas o te sorprendi\u00f3?<\/em><\/p>\n<p>El resultado refleja lo que ven\u00edamos trabajando, pero por supuesto sabemos que hay votos que podemos salir a buscar.<\/p>\n<p><em>\u00bfCambi\u00f3 algo entre las PASO y ahora?<\/em><\/p>\n<p>Lo m\u00e1s notorio es que se consolid\u00f3 lo que la gente quer\u00eda. A nivel local se sostiene un proyecto que Tres de Febrero hace desde 2015 y que es claro; la diferencia es de 10 puntos, sostenida. La gente est\u00e1 convencida que somos personas responsables y que somos una oposici\u00f3n responsable.<\/p>\n<p><em>\u00bfCu\u00e1l es el mensaje de las y los bonaerenses en estas elecciones?<\/em><\/p>\n<p>Por supuesto que en el Conurbano se not\u00f3 la diferencia. Es una deuda pendiente de nuestro espacio, seguir trabajando y fortalecer. En la Primera Secci\u00f3n generamos un buen volumen de diferencia. Ingresar\u00edan cuatro senadores seccionales de Juntos<\/p>\n<p><em>Adem\u00e1s, hay que ver la impronta del oficialismo despu\u00e9s de las elecciones generales\u2026<\/em><\/p>\n<p>Por los n\u00fameros del resultado general, en el Senado de Provincia quedamos en una igualdad de 23 a 23. Ser\u00e1 un trabajo m\u00e1s arduo el que hagamos las legisladoras y los legisladores, nos va a llevar a un di\u00e1logo m\u00e1s profundo, este gobierno va a tener que entender que debe dialogar con la oposici\u00f3n.<\/p>\n<p><em>En la previa a las votaciones, algunos dirigentes del Frente De Todos dec\u00edan que iban a llamar al di\u00e1logo, \u00bfcrees que es genuina esta posici\u00f3n?<\/em><\/p>\n<p>Es necesario. El gobernador va a tener que s\u00ed o s\u00ed dialogar. M\u00e1s all\u00e1 de la Legislatura, en los distritos los Concejos est\u00e1n cambiando y eso da cuenta que las voces de los distritos tambi\u00e9n se deben escuchar.<\/p>\n<p>La performance de Juntos en Tres de Febrero, \u00bfconsider\u00e1s que es una validaci\u00f3n a la gesti\u00f3n de Valenzuela?<\/p>\n<p>S\u00ed totalmente, y no es porque sea mi compa\u00f1ero, el trabajo que empez\u00f3 en 2015, que se convalid\u00f3 en la elecci\u00f3n del 17 y el 19, da cuenta que los vecinos saben que estamos trabajando, que es un equipo de gobierno enorme. Sistem\u00e1ticamente, en un distrito que fue gobernado por 24 a\u00f1os por el peronismo no logr\u00f3 quebrantar ni una sola elecci\u00f3n.<\/p>\n","protected":false},"excerpt":{"rendered":"<p>En el b\u00fanker de Juntos de Tres de Febrero, el domingo noche \u2013 madrugada hab\u00eda clima de fiesta. M\u00fasica, baile, saltos, a la espera de la llegada del intendente Diego Valenzuela y la senadora seccional reelecta Daniela Reich, que primero pasaron por el b\u00fanker de La Plata. En su discurso, el jefe comunal destac\u00f3 el [&hellip;]<\/p>\n","protected":false},"author":1,"featured_media":18743,"comment_status":"closed","ping_status":"open","sticky":false,"template":"","format":"standard","meta":{"footnotes":""},"categories":[70,20,48,26],"tags":[193,72,185,173],"class_list":{"0":"post-18742","1":"post","2":"type-post","3":"status-publish","4":"format-standard","5":"has-post-thumbnail","7":"category-las-mas-leidas","8":"category-municipios","9":"category-politica-argentina","10":"category-tres-de-febrero","11":"tag-daniela-reich","12":"tag-diego-valenzuela","13":"tag-elecciones-2021","14":"tag-juntos"},"aioseo_notices":[],"_links":{"self":[{"href":"https:\/\/guiadenoticias.com.ar\/diario\/wp-json\/wp\/v2\/posts\/18742","targetHints":{"allow":["GET"]}}],"collection":[{"href":"https:\/\/guiadenoticias.com.ar\/diario\/wp-json\/wp\/v2\/posts"}],"about":[{"href":"https:\/\/guiadenoticias.com.ar\/diario\/wp-json\/wp\/v2\/types\/post"}],"author":[{"embeddable":true,"href":"https:\/\/guiadenoticias.com.ar\/diario\/wp-json\/wp\/v2\/users\/1"}],"replies":[{"embeddable":true,"href":"https:\/\/guiadenoticias.com.ar\/diario\/wp-json\/wp\/v2\/comments?post=18742"}],"version-history":[{"count":3,"href":"https:\/\/guiadenoticias.com.ar\/diario\/wp-json\/wp\/v2\/posts\/18742\/revisions"}],"predecessor-version":[{"id":18747,"href":"https:\/\/guiadenoticias.com.ar\/diario\/wp-json\/wp\/v2\/posts\/18742\/revisions\/18747"}],"wp:featuredmedia":[{"embeddable":true,"href":"https:\/\/guiadenoticias.com.ar\/diario\/wp-json\/wp\/v2\/media\/18743"}],"wp:attachment":[{"href":"https:\/\/guiadenoticias.com.ar\/diario\/wp-json\/wp\/v2\/media?parent=18742"}],"wp:term":[{"taxonomy":"category","embeddable":true,"href":"https:\/\/guiadenoticias.com.ar\/diario\/wp-json\/wp\/v2\/categories?post=18742"},{"taxonomy":"post_tag","embeddable":true,"href":"https:\/\/guiadenoticias.com.ar\/diario\/wp-json\/wp\/v2\/tags?post=18742"}],"curies":[{"name":"wp","href":"https:\/\/api.w.org\/{rel}","templated":true}]}}