{"id":18757,"date":"2021-11-17T02:34:19","date_gmt":"2021-11-17T05:34:19","guid":{"rendered":"https:\/\/guiadenoticias.com.ar\/diario\/?p=18757"},"modified":"2021-11-22T02:38:00","modified_gmt":"2021-11-22T05:38:00","slug":"la-lista-del-oficialismo-se-impuso-pero-hubo-un-corte-considerable","status":"publish","type":"post","link":"https:\/\/guiadenoticias.com.ar\/diario\/la-lista-del-oficialismo-se-impuso-pero-hubo-un-corte-considerable\/","title":{"rendered":"La lista del oficialismo se impuso, pero hubo un corte considerable"},"content":{"rendered":"<p>Los resultados de las elecciones en San Isidro habilitan varias lecturas. Los n\u00fameros a nivel local: <strong>Juntos, lista encabezada por Juan Viaggio y Macarena Posse, alcanz\u00f3 48,3 por ciento. Muy lejos, en segundo lugar qued\u00f3 el Frente de Todos, que apenas super\u00f3 el 21 por ciento<\/strong> en el territorio de Santiago Cafiero y Teresa Garc\u00eda.<\/p>\n<p>Por otro lado, Convocaci\u00f3n C\u00edvica con 15, 2 por ciento no llega a meter tres ediles, tal eran las expectativas. Y Avanza Libertad sac\u00f3 casi 15 mil votos, pero no perfor\u00f3 el piso del 8, 33 por ciento.<\/p>\n<p>En la noche del domingo 14, en el b\u00fanker del oficialismo, el intendente Gustavo Posse mencion\u00f3, \u201cfue una elecci\u00f3n enorme. La gente ratific\u00f3 el respaldo a esta gesti\u00f3n por todo lo que hizo y lo que est\u00e1 haciendo a\u00fan, en tiempos de pandemia. Valor\u00f3 que cuidamos la salud y la actividad econ\u00f3mica\u201d.<\/p>\n<p>M\u00e1s all\u00e1 de los festejos, hay un dato que no puede soslayarse y es que en el cuerpo de diputados nacionales, en el distrito Juntos sum\u00f3 58 por ciento, un corte de casi 10 puntos. En cambio, el FdT tuvo un porcentaje similar a la n\u00f3mina local, con 22 por ciento. Y Avanza Libertad tambi\u00e9n reuni\u00f3 m\u00e1s votos en el orden nacional con 9, 6 por ciento del total.<\/p>\n","protected":false},"excerpt":{"rendered":"<p>Los resultados de las elecciones en San Isidro habilitan varias lecturas. Los n\u00fameros a nivel local: Juntos, lista encabezada por Juan Viaggio y Macarena Posse, alcanz\u00f3 48,3 por ciento. Muy lejos, en segundo lugar qued\u00f3 el Frente de Todos, que apenas super\u00f3 el 21 por ciento en el territorio de Santiago Cafiero y Teresa Garc\u00eda. [&hellip;]<\/p>\n","protected":false},"author":1,"featured_media":18760,"comment_status":"closed","ping_status":"open","sticky":false,"template":"","format":"standard","meta":{"footnotes":""},"categories":[20,48,21],"tags":[185,75,173],"class_list":{"0":"post-18757","1":"post","2":"type-post","3":"status-publish","4":"format-standard","5":"has-post-thumbnail","7":"category-municipios","8":"category-politica-argentina","9":"category-san-isidro","10":"tag-elecciones-2021","11":"tag-gustavo-posse","12":"tag-juntos"},"aioseo_notices":[],"_links":{"self":[{"href":"https:\/\/guiadenoticias.com.ar\/diario\/wp-json\/wp\/v2\/posts\/18757","targetHints":{"allow":["GET"]}}],"collection":[{"href":"https:\/\/guiadenoticias.com.ar\/diario\/wp-json\/wp\/v2\/posts"}],"about":[{"href":"https:\/\/guiadenoticias.com.ar\/diario\/wp-json\/wp\/v2\/types\/post"}],"author":[{"embeddable":true,"href":"https:\/\/guiadenoticias.com.ar\/diario\/wp-json\/wp\/v2\/users\/1"}],"replies":[{"embeddable":true,"href":"https:\/\/guiadenoticias.com.ar\/diario\/wp-json\/wp\/v2\/comments?post=18757"}],"version-history":[{"count":2,"href":"https:\/\/guiadenoticias.com.ar\/diario\/wp-json\/wp\/v2\/posts\/18757\/revisions"}],"predecessor-version":[{"id":18761,"href":"https:\/\/guiadenoticias.com.ar\/diario\/wp-json\/wp\/v2\/posts\/18757\/revisions\/18761"}],"wp:featuredmedia":[{"embeddable":true,"href":"https:\/\/guiadenoticias.com.ar\/diario\/wp-json\/wp\/v2\/media\/18760"}],"wp:attachment":[{"href":"https:\/\/guiadenoticias.com.ar\/diario\/wp-json\/wp\/v2\/media?parent=18757"}],"wp:term":[{"taxonomy":"category","embeddable":true,"href":"https:\/\/guiadenoticias.com.ar\/diario\/wp-json\/wp\/v2\/categories?post=18757"},{"taxonomy":"post_tag","embeddable":true,"href":"https:\/\/guiadenoticias.com.ar\/diario\/wp-json\/wp\/v2\/tags?post=18757"}],"curies":[{"name":"wp","href":"https:\/\/api.w.org\/{rel}","templated":true}]}}