{"id":1879,"date":"2016-04-29T20:45:50","date_gmt":"2016-04-29T23:45:50","guid":{"rendered":"http:\/\/guiadenoticias.com.ar\/diario\/?p=1879"},"modified":"2016-04-29T20:46:27","modified_gmt":"2016-04-29T23:46:27","slug":"los-gremios-le-marcaron-la-cancha-al-gobierno","status":"publish","type":"post","link":"https:\/\/guiadenoticias.com.ar\/diario\/los-gremios-le-marcaron-la-cancha-al-gobierno\/","title":{"rendered":"Los gremios le marcaron la cancha al Gobierno"},"content":{"rendered":"<p>Las 5 centrales obreras encabezaron un acto masivo en avenida Paseo Col\u00f3n e Independencia, frente al Monumento al Trabajo. Los principales dirigentes tomaron la palabra y realizaron sus reclamos en defensa de los puestos de trabajo,\u00a0la inflaci\u00f3n y la ley antidespidos.<\/p>\n<p>El dirigente\u00a0Juan Carlos Schmid\u00a0tom\u00f3 la palabra en primer lugar y sostuvo: \u00abNo podemos seguir ocultando las cuentas pendientes\u00bb. Y agreg\u00f3: \u00abEs un llamado de atenci\u00f3n al Gobierno que debe realizar anuncios concretos\u00bb.<\/p>\n<p>Pablo Micheli, secretario General de la CTA Aut\u00f3noma, dijo a su turno que \u00abestamos en v\u00edsperas del D\u00eda del Trabajador y no tenemos por qu\u00e9 pasarlo tristes\u00bb. \u00abTodas las medidas de este Gobierno son a favor de los sectores de poder y ninguna a favor del pueblo\u00bb, a\u00f1adi\u00f3. \u00abSi no escuchan, habr\u00e1 paro nacional tambi\u00e9n\u00bb, advirti\u00f3.<\/p>\n<p>A su turno, Hugo Yasky precis\u00f3: \u00abNo queremos volver a ver en las escuelas a los pibes pidiendo un plato de comida, ni a los compa\u00f1eros revisando los tachos de basura, ni a los jubilados pidiendo para llegar a fin de mes, hay que demostrar que a este pa\u00eds lo ponen de pie los trabajadores\u00bb.<\/p>\n<p>Antonio Cal\u00f3 se\u00f1al\u00f3, \u00abviendo la cantidad de gente que hay en este acto, tenemos para festejar que est\u00e1n todos ustedes por los puestos de trabajo que est\u00e1n perdiendo\u00bb. Y adelant\u00f3: \u00abEl 22 de agosto habr\u00e1 una sola CGT\u00bb. \u00abEste es un acto en defensa a los puestos de trabajo\u00bb, dijo, y adelant\u00f3 que \u00absi el Presidente veta la ley, los trabajadores van a salir a pelear en la calle\u00bb.<\/p>\n<p>Hugo\u00a0Moyano, el \u00faltimo en tomar la palabra, sentenci\u00f3: \u00abEsta es una convocatoria hist\u00f3rica que han hecho cinco centrales en las que est\u00e1 dividida el movimiento obrero. Los dirigentes hemos entendido que los intereses de los trabajadores est\u00e1n por encima de la gente\u00bb.<\/p>\n<p>Le sugiri\u00f3 a Macri, \u00abqueremos decirle al Gobierno que los problemas se resuelven con los trabajadores\u00bb, y dispar\u00f3, \u00abtom\u00f3 el criterio de ayudar a las empresas\u00bb. Sin embargo, aclar\u00f3, \u00abno somos enemigos del Gobierno, somos enemigos de sus pol\u00edticas en contra de los trabajadores\u00bb.<\/p>\n<p>Adem\u00e1s, el l\u00edder de Camioneros reiter\u00f3 que \u00abel impuesto al trabajo es perverso\u00bb.\u00bbLa inflaci\u00f3n es de m\u00e1s del 40%\u00bb, fue otra de las frases del gremialista.<\/p>\n<p>Tras pedir que no se le tema a los trabajadores, redonde\u00f3: \u00abLos \u00fanicos que pueden salvar la patria son los trabajadores. Queremos que nos escuchen, que nos respeten\u00bb.<\/p>\n<p><strong>BARRIONUEVO SE CORT\u00d3 SOLO<\/strong><\/p>\n<p>Luis Barrionuevo se enoj\u00f3 con la amplitud de la convocatoria que tendr\u00e1 la marcha de las CGT, y dispar\u00f3 contra quienes, consider\u00f3 \u201cse les colaron\u201d. Se\u00f1al\u00f3 a los partidos de izquierda, pero sobre todo al kirchnerismo, a cuyos dirigentes les peg\u00f3 sin piedad y les vaticin\u00f3 este futuro: \u00abVan a ir todos en cana\u00bb.<\/p>\n<p>El l\u00edder gastron\u00f3mico y titular de la CGT Azul y Blanca se despach\u00f3 sin filtro, en declaraciones a Radio Mitre. \u201cEst\u00e1 todo desvirtuado. Algunos estamos enojados porque no es esto lo que nos llam\u00f3 a una concentraci\u00f3n cuando acordamos las 5 centrales obreras. No tenemos nada que ver estamos de acuerdo con que se vengan a colgar de esta marcha la izquierda que pide un paro de 24 horas y mucho menos el PJ residual. No queremos que vengan Scioli, Espinoza, son los mariscales de la derrota\u201d.<\/p>\n<p>\u201cYo a la concentraci\u00f3n de Paseo Col\u00f3n no voy. No tenemos nada que ver con estos que marchan. Nadie me aprieta cuando hay que hacer un paro. No vot\u00e9 a Macri, pero no quiero que le vaya mal. Lo eligi\u00f3 la gente. Punto. Estos que se cre\u00edan que estaban para toda la vida se nos quieren colar. Nos empomaron\u201d, a\u00f1adi\u00f3 fiel a su estilo.<\/p>\n","protected":false},"excerpt":{"rendered":"<p>Las 5 centrales obreras encabezaron un acto masivo en avenida Paseo Col\u00f3n e Independencia, frente al Monumento al Trabajo. Los principales dirigentes tomaron la palabra y realizaron sus reclamos en defensa de los puestos de trabajo,\u00a0la inflaci\u00f3n y la ley antidespidos. El dirigente\u00a0Juan Carlos Schmid\u00a0tom\u00f3 la palabra en primer lugar y sostuvo: \u00abNo podemos seguir [&hellip;]<\/p>\n","protected":false},"author":1,"featured_media":1880,"comment_status":"closed","ping_status":"open","sticky":false,"template":"","format":"standard","meta":{"footnotes":""},"categories":[49,30,48],"tags":[],"class_list":{"0":"post-1879","1":"post","2":"type-post","3":"status-publish","4":"format-standard","5":"has-post-thumbnail","7":"category-economia-y-gremiales","8":"category-nacion","9":"category-politica-argentina"},"aioseo_notices":[],"_links":{"self":[{"href":"https:\/\/guiadenoticias.com.ar\/diario\/wp-json\/wp\/v2\/posts\/1879","targetHints":{"allow":["GET"]}}],"collection":[{"href":"https:\/\/guiadenoticias.com.ar\/diario\/wp-json\/wp\/v2\/posts"}],"about":[{"href":"https:\/\/guiadenoticias.com.ar\/diario\/wp-json\/wp\/v2\/types\/post"}],"author":[{"embeddable":true,"href":"https:\/\/guiadenoticias.com.ar\/diario\/wp-json\/wp\/v2\/users\/1"}],"replies":[{"embeddable":true,"href":"https:\/\/guiadenoticias.com.ar\/diario\/wp-json\/wp\/v2\/comments?post=1879"}],"version-history":[{"count":1,"href":"https:\/\/guiadenoticias.com.ar\/diario\/wp-json\/wp\/v2\/posts\/1879\/revisions"}],"predecessor-version":[{"id":1881,"href":"https:\/\/guiadenoticias.com.ar\/diario\/wp-json\/wp\/v2\/posts\/1879\/revisions\/1881"}],"wp:featuredmedia":[{"embeddable":true,"href":"https:\/\/guiadenoticias.com.ar\/diario\/wp-json\/wp\/v2\/media\/1880"}],"wp:attachment":[{"href":"https:\/\/guiadenoticias.com.ar\/diario\/wp-json\/wp\/v2\/media?parent=1879"}],"wp:term":[{"taxonomy":"category","embeddable":true,"href":"https:\/\/guiadenoticias.com.ar\/diario\/wp-json\/wp\/v2\/categories?post=1879"},{"taxonomy":"post_tag","embeddable":true,"href":"https:\/\/guiadenoticias.com.ar\/diario\/wp-json\/wp\/v2\/tags?post=1879"}],"curies":[{"name":"wp","href":"https:\/\/api.w.org\/{rel}","templated":true}]}}