{"id":1886,"date":"2016-04-30T00:31:06","date_gmt":"2016-04-30T03:31:06","guid":{"rendered":"http:\/\/guiadenoticias.com.ar\/diario\/?p=1886"},"modified":"2016-04-30T00:32:28","modified_gmt":"2016-04-30T03:32:28","slug":"andreotti-este-reclamo-no-es-contra-nadie-sino-a-favor-de-los-trabajadores","status":"publish","type":"post","link":"https:\/\/guiadenoticias.com.ar\/diario\/andreotti-este-reclamo-no-es-contra-nadie-sino-a-favor-de-los-trabajadores\/","title":{"rendered":"Andreotti: \u201cEste reclamo es a favor de los trabajadores\u201d"},"content":{"rendered":"<p>El intendente de San Fernando, Luis Andreotti, acompa\u00f1\u00f3 a la multitudinaria movilizaci\u00f3n de trabajadores, que se realiz\u00f3 en Independencia y Paseo Col\u00f3n. Estuvo presente junto a funcionarios municipales y concejales del Frente Renovador.<\/p>\n<p>En el acto, las centrales obreras en conjunto\u00a0reclamaron al Gobierno que declare la emergencia ocupacional, la universalizaci\u00f3n de las asignaciones familiares, la vigencia del 82% m\u00f3vil para las jubilaciones, y reiteraron el pedido de eliminaci\u00f3n del pago de Ganancias para los trabajadores.<\/p>\n<p>El jefe comunal expres\u00f3: \u201cNuestra presencia aqu\u00ed junto a los compa\u00f1eros del Frente es en apoyo al reclamo de las centrales obreras; no es contra nadie, sino a favor de los trabajadores y de los m\u00e1s humildes que m\u00e1s lo necesitan\u201d.<\/p>\n<p>Y concluy\u00f3: \u201cCreemos que en este momento, el que m\u00e1s tiene debe ayudar al que menos tiene, para favorecer a los trabajadores que perciben salarios m\u00e1s bajos\u201d.<\/p>\n","protected":false},"excerpt":{"rendered":"<p>El intendente de San Fernando, Luis Andreotti, acompa\u00f1\u00f3 a la multitudinaria movilizaci\u00f3n de trabajadores, que se realiz\u00f3 en Independencia y Paseo Col\u00f3n. Estuvo presente junto a funcionarios municipales y concejales del Frente Renovador. En el acto, las centrales obreras en conjunto\u00a0reclamaron al Gobierno que declare la emergencia ocupacional, la universalizaci\u00f3n de las asignaciones familiares, la [&hellip;]<\/p>\n","protected":false},"author":1,"featured_media":1887,"comment_status":"closed","ping_status":"open","sticky":false,"template":"","format":"standard","meta":{"footnotes":""},"categories":[49,20,48,22],"tags":[],"class_list":{"0":"post-1886","1":"post","2":"type-post","3":"status-publish","4":"format-standard","5":"has-post-thumbnail","7":"category-economia-y-gremiales","8":"category-municipios","9":"category-politica-argentina","10":"category-san-fernando"},"aioseo_notices":[],"_links":{"self":[{"href":"https:\/\/guiadenoticias.com.ar\/diario\/wp-json\/wp\/v2\/posts\/1886","targetHints":{"allow":["GET"]}}],"collection":[{"href":"https:\/\/guiadenoticias.com.ar\/diario\/wp-json\/wp\/v2\/posts"}],"about":[{"href":"https:\/\/guiadenoticias.com.ar\/diario\/wp-json\/wp\/v2\/types\/post"}],"author":[{"embeddable":true,"href":"https:\/\/guiadenoticias.com.ar\/diario\/wp-json\/wp\/v2\/users\/1"}],"replies":[{"embeddable":true,"href":"https:\/\/guiadenoticias.com.ar\/diario\/wp-json\/wp\/v2\/comments?post=1886"}],"version-history":[{"count":2,"href":"https:\/\/guiadenoticias.com.ar\/diario\/wp-json\/wp\/v2\/posts\/1886\/revisions"}],"predecessor-version":[{"id":1889,"href":"https:\/\/guiadenoticias.com.ar\/diario\/wp-json\/wp\/v2\/posts\/1886\/revisions\/1889"}],"wp:featuredmedia":[{"embeddable":true,"href":"https:\/\/guiadenoticias.com.ar\/diario\/wp-json\/wp\/v2\/media\/1887"}],"wp:attachment":[{"href":"https:\/\/guiadenoticias.com.ar\/diario\/wp-json\/wp\/v2\/media?parent=1886"}],"wp:term":[{"taxonomy":"category","embeddable":true,"href":"https:\/\/guiadenoticias.com.ar\/diario\/wp-json\/wp\/v2\/categories?post=1886"},{"taxonomy":"post_tag","embeddable":true,"href":"https:\/\/guiadenoticias.com.ar\/diario\/wp-json\/wp\/v2\/tags?post=1886"}],"curies":[{"name":"wp","href":"https:\/\/api.w.org\/{rel}","templated":true}]}}