{"id":18917,"date":"2021-12-27T03:48:40","date_gmt":"2021-12-27T06:48:40","guid":{"rendered":"https:\/\/guiadenoticias.com.ar\/diario\/?p=18917"},"modified":"2021-12-28T03:49:04","modified_gmt":"2021-12-28T06:49:04","slug":"consenso-fiscal-sin-larreta-y-con-schiaretti-a-medias","status":"publish","type":"post","link":"https:\/\/guiadenoticias.com.ar\/diario\/consenso-fiscal-sin-larreta-y-con-schiaretti-a-medias\/","title":{"rendered":"Consenso Fiscal: sin Larreta y con Schiaretti a medias"},"content":{"rendered":"<p>El presidente Alberto Fern\u00e1ndez se reuni\u00f3 este lunes con gobernadores para firmar el Consenso Fiscal para 2022, que fija un tope m\u00e1ximo para las al\u00edcuotas de los impuestos de cada jurisdicci\u00f3n y deja sin efecto la baja progresiva de Ingresos Brutos determinada en la gesti\u00f3n de Mauricio Macri. Tambi\u00e9n se habl\u00f3 del impuesto a las herencias.<\/p>\n<p>Hubo dos ausentes, al frente de dos territorios con peso propio: el jefe de Gobierno de la Ciudad de Buenos Aires, Horacio Rodr\u00edguez Larreta, que rechaza el proyecto. Y el gobernador de C\u00f3rdoba, Juan Schiaretti, quien firmar\u00e1 el Consenso, aunque advirti\u00f3 que no aumentar\u00e1 impuestos.<\/p>\n<p>Fern\u00e1ndez destac\u00f3 que la firma del nuevo Consenso Fiscal con 23 provincias implica \u00abgarantizar un crecimiento equilibrado\u00bb &#8211; despu\u00e9s del tropiezo con el Presupuesto &#8211; del pa\u00eds bajo un sistema \u00abfederal\u00bb, al tiempo que critic\u00f3 a la administraci\u00f3n de la Ciudad de Buenos Aires por negarse a rubricar ese convenio.<\/p>\n<p>Los jefes provinciales de la Uni\u00f3n C\u00edvica Radical (UCR) Gerardo Morales (Jujuy), Rodolfo Su\u00e1rez (Mendoza) y Gustavo Vald\u00e9s (Corrientes), se comprometieron ante las principales autoridades de Juntos por el Cambio que no crear\u00e1n nuevos impuestos ni incrementar\u00e1n los existentes, como Ingresos Brutos, Sellos, Inmobiliario y Automotor, a pesar de adherir al pacto.<\/p>\n<p>La Pampa y San Luis acompa\u00f1aron la iniciativa, aunque tampoco firmar\u00e1n, pero no est\u00e1n obligadas por no haber sido parte del acuerdo de 2017.<\/p>\n<p>La postura de Rodr\u00edguez Larreta gener\u00f3 diferencias en la coalici\u00f3n opositora, pero en el caso de haber apoyado la iniciativa del gobierno nacional habr\u00eda tenido que renunciar al reclamo que present\u00f3 ante la Corte Suprema despu\u00e9s de que el Ejecutivo nacional le quitara un punto de la coparticipaci\u00f3n, que retir\u00f3 el financiamiento a la Polic\u00eda de la Ciudad para d\u00e1rselo a la Bonaerense.<\/p>\n<p>En otro orden, el Gobierno estaba en duda del acompa\u00f1amiento de Schiaretti, quien finalmente firmar\u00e1 el Consenso y advirti\u00f3 que no aumentar\u00e1 los impuestos. Hoy, en su representaci\u00f3n estuvo el vicegobernador, Manuel Calvo.<\/p>\n","protected":false},"excerpt":{"rendered":"<p>El presidente Alberto Fern\u00e1ndez se reuni\u00f3 este lunes con gobernadores para firmar el Consenso Fiscal para 2022, que fija un tope m\u00e1ximo para las al\u00edcuotas de los impuestos de cada jurisdicci\u00f3n y deja sin efecto la baja progresiva de Ingresos Brutos determinada en la gesti\u00f3n de Mauricio Macri. Tambi\u00e9n se habl\u00f3 del impuesto a las [&hellip;]<\/p>\n","protected":false},"author":1,"featured_media":18918,"comment_status":"closed","ping_status":"closed","sticky":false,"template":"","format":"standard","meta":{"footnotes":""},"categories":[49,30,48],"tags":[82,123],"class_list":{"0":"post-18917","1":"post","2":"type-post","3":"status-publish","4":"format-standard","5":"has-post-thumbnail","7":"category-economia-y-gremiales","8":"category-nacion","9":"category-politica-argentina","10":"tag-alberto-fernandez","11":"tag-economia"},"aioseo_notices":[],"_links":{"self":[{"href":"https:\/\/guiadenoticias.com.ar\/diario\/wp-json\/wp\/v2\/posts\/18917","targetHints":{"allow":["GET"]}}],"collection":[{"href":"https:\/\/guiadenoticias.com.ar\/diario\/wp-json\/wp\/v2\/posts"}],"about":[{"href":"https:\/\/guiadenoticias.com.ar\/diario\/wp-json\/wp\/v2\/types\/post"}],"author":[{"embeddable":true,"href":"https:\/\/guiadenoticias.com.ar\/diario\/wp-json\/wp\/v2\/users\/1"}],"replies":[{"embeddable":true,"href":"https:\/\/guiadenoticias.com.ar\/diario\/wp-json\/wp\/v2\/comments?post=18917"}],"version-history":[{"count":2,"href":"https:\/\/guiadenoticias.com.ar\/diario\/wp-json\/wp\/v2\/posts\/18917\/revisions"}],"predecessor-version":[{"id":18920,"href":"https:\/\/guiadenoticias.com.ar\/diario\/wp-json\/wp\/v2\/posts\/18917\/revisions\/18920"}],"wp:featuredmedia":[{"embeddable":true,"href":"https:\/\/guiadenoticias.com.ar\/diario\/wp-json\/wp\/v2\/media\/18918"}],"wp:attachment":[{"href":"https:\/\/guiadenoticias.com.ar\/diario\/wp-json\/wp\/v2\/media?parent=18917"}],"wp:term":[{"taxonomy":"category","embeddable":true,"href":"https:\/\/guiadenoticias.com.ar\/diario\/wp-json\/wp\/v2\/categories?post=18917"},{"taxonomy":"post_tag","embeddable":true,"href":"https:\/\/guiadenoticias.com.ar\/diario\/wp-json\/wp\/v2\/tags?post=18917"}],"curies":[{"name":"wp","href":"https:\/\/api.w.org\/{rel}","templated":true}]}}