{"id":19006,"date":"2022-01-25T03:03:50","date_gmt":"2022-01-25T06:03:50","guid":{"rendered":"https:\/\/guiadenoticias.com.ar\/diario\/?p=19006"},"modified":"2022-01-26T03:04:41","modified_gmt":"2022-01-26T06:04:41","slug":"moron-alberto-fernandez-presento-nos-vacunamos-para-ir-a-la-escuela","status":"publish","type":"post","link":"https:\/\/guiadenoticias.com.ar\/diario\/moron-alberto-fernandez-presento-nos-vacunamos-para-ir-a-la-escuela\/","title":{"rendered":"Mor\u00f3n: Alberto Fern\u00e1ndez present\u00f3 \u201cNos vacunamos para ir a la escuela\u201d"},"content":{"rendered":"<p><strong>El presidente Alberto Fern\u00e1ndez, junto con el intendente Lucas Ghi, asisti\u00f3 al polideportivo Gorki Grana para encabezar el acto de lanzamiento de la campa\u00f1a de vacunaci\u00f3n para garantizar la presencialidad plena y segura en las escuelas. Adem\u00e1s, recorrieron una posta de vacunaci\u00f3n y el Punto Progresar, junto con el jefe de Gabinete, Juan Manzur, y el ministro de Educaci\u00f3n, Jaime Perzcyk.<\/strong><\/p>\n<p>En el D\u00eda Internacional de la Educaci\u00f3n, el jefe comunal acompa\u00f1\u00f3 al primer mandatario en el lanzamiento de la Campa\u00f1a Nacional de Vacunaci\u00f3n para la Presencialidad plena y segura en las escuelas de cara al ciclo lectivo 2022. El acto se realiz\u00f3 en el microestadio Diego Armando Maradona.<\/p>\n<p>Tambi\u00e9n estuvieron presentes el exintendente y presidente de Acumar, Mart\u00edn Sabbatella; la diputada nacional por el Frente de Todos M\u00f3nica Macha y la secretaria de Acceso a la Salud, Sandra Tirado.<\/p>\n<p>\u201cNos vacunamos para ir a la escuela\u201d est\u00e1 destinada a estudiantes de primaria y secundaria, sus familias, docentes y no docentes de todos los niveles. El objetivo es iniciar las clases con la mayor cantidad de la comunidad educativa inoculada. Antes del acto, las autoridades recorrieron un punto de inscripci\u00f3n para la beca Progresar y una posta de vacunaci\u00f3n ubicada en el polideportivo municipal.<\/p>\n<p>Durante su exposici\u00f3n, el Presidente record\u00f3 la historia del Espacio Mansi\u00f3n Ser\u00e9: \u201cEste predio fue un lugar tr\u00e1gico en la historia nacional, donde muchos argentinos padecieron la privaci\u00f3n de su libertad, la tortura y seguramente algunos perdieron la vida en ese tiempo ingrato de la Argentina. Es muy lindo ver que se ha preservado como espacio de la Memoria para que no olvidemos lo que pas\u00f3, y que se haya reconstruido como un lugar de esperanza y de futuro\u201d.<\/p>\n<p>Luego, agreg\u00f3 que una de las principales metas del Gobierno es \u201cque haya presencialidad y escolaridad\u201d en todas las instituciones educativas del pa\u00eds. En esta l\u00ednea reforz\u00f3 que esa es la raz\u00f3n por la cual se ampli\u00f3 la beca Progresar \u201ca los chicos que est\u00e1n terminando el colegio secundario. Ya se inscribieron poco m\u00e1s de 400 mil y esperamos que se inscriban m\u00e1s de un mill\u00f3n\u201d.<\/p>\n<p>Por su parte, Lucas Ghi afirm\u00f3: \u201cNo vamos a bajar los brazos hasta que el \u00faltimo pibe y piba retome la escuela\u201d. Tambi\u00e9n record\u00f3 que Mor\u00f3n encabeza la lista de los distritos con m\u00e1s personas vacunadas del AMBA. \u201cPerm\u00edtame destacar que Mor\u00f3n es el distrito que m\u00e1s vacun\u00f3 en el \u00c1rea Metropolitana, y eso es m\u00e9rito de un pueblo que ha decidido deso\u00edr las voces que generaban confusi\u00f3n y des\u00e1nimo\u201d.<\/p>\n<p>Sobre el tema, el titular de la cartera de Educaci\u00f3n agreg\u00f3 que el Fern\u00e1ndez le encomend\u00f3 que \u201ctodos los chicos deben tener un lugar en la escuela, los que no estaban antes y los que se nos fueron en la pandemia\u201d.<\/p>\n<p>Los j\u00f3venes de Mor\u00f3n que tengan entre 16 y 17 a\u00f1os y hayan interrumpido sus estudios pueden tramitar su beca en el punto Progresar, ubicado en Rep\u00fablica Oriental del Uruguay 345, de lunes a viernes de 10 a 18horas.<\/p>\n","protected":false},"excerpt":{"rendered":"<p>El presidente Alberto Fern\u00e1ndez, junto con el intendente Lucas Ghi, asisti\u00f3 al polideportivo Gorki Grana para encabezar el acto de lanzamiento de la campa\u00f1a de vacunaci\u00f3n para garantizar la presencialidad plena y segura en las escuelas. Adem\u00e1s, recorrieron una posta de vacunaci\u00f3n y el Punto Progresar, junto con el jefe de Gabinete, Juan Manzur, y [&hellip;]<\/p>\n","protected":false},"author":1,"featured_media":19007,"comment_status":"closed","ping_status":"closed","sticky":false,"template":"","format":"standard","meta":{"footnotes":""},"categories":[28,20],"tags":[82,131,73,93],"class_list":{"0":"post-19006","1":"post","2":"type-post","3":"status-publish","4":"format-standard","5":"has-post-thumbnail","7":"category-moron","8":"category-municipios","9":"tag-alberto-fernandez","10":"tag-educacion","11":"tag-lucas-ghi","12":"tag-martin-sabbatella"},"aioseo_notices":[],"_links":{"self":[{"href":"https:\/\/guiadenoticias.com.ar\/diario\/wp-json\/wp\/v2\/posts\/19006","targetHints":{"allow":["GET"]}}],"collection":[{"href":"https:\/\/guiadenoticias.com.ar\/diario\/wp-json\/wp\/v2\/posts"}],"about":[{"href":"https:\/\/guiadenoticias.com.ar\/diario\/wp-json\/wp\/v2\/types\/post"}],"author":[{"embeddable":true,"href":"https:\/\/guiadenoticias.com.ar\/diario\/wp-json\/wp\/v2\/users\/1"}],"replies":[{"embeddable":true,"href":"https:\/\/guiadenoticias.com.ar\/diario\/wp-json\/wp\/v2\/comments?post=19006"}],"version-history":[{"count":1,"href":"https:\/\/guiadenoticias.com.ar\/diario\/wp-json\/wp\/v2\/posts\/19006\/revisions"}],"predecessor-version":[{"id":19008,"href":"https:\/\/guiadenoticias.com.ar\/diario\/wp-json\/wp\/v2\/posts\/19006\/revisions\/19008"}],"wp:featuredmedia":[{"embeddable":true,"href":"https:\/\/guiadenoticias.com.ar\/diario\/wp-json\/wp\/v2\/media\/19007"}],"wp:attachment":[{"href":"https:\/\/guiadenoticias.com.ar\/diario\/wp-json\/wp\/v2\/media?parent=19006"}],"wp:term":[{"taxonomy":"category","embeddable":true,"href":"https:\/\/guiadenoticias.com.ar\/diario\/wp-json\/wp\/v2\/categories?post=19006"},{"taxonomy":"post_tag","embeddable":true,"href":"https:\/\/guiadenoticias.com.ar\/diario\/wp-json\/wp\/v2\/tags?post=19006"}],"curies":[{"name":"wp","href":"https:\/\/api.w.org\/{rel}","templated":true}]}}