{"id":19017,"date":"2022-01-31T01:17:44","date_gmt":"2022-01-31T04:17:44","guid":{"rendered":"https:\/\/guiadenoticias.com.ar\/diario\/?p=19017"},"modified":"2022-02-01T01:52:03","modified_gmt":"2022-02-01T04:52:03","slug":"una-decision-individual-o-colectiva-estrategica","status":"publish","type":"post","link":"https:\/\/guiadenoticias.com.ar\/diario\/una-decision-individual-o-colectiva-estrategica\/","title":{"rendered":"\u00bfUna decisi\u00f3n individual o colectiva K?"},"content":{"rendered":"<p><strong>El diputado nacional del Frente de Todos M\u00e1ximo Kirchner divulg\u00f3 este lunes 31 de enero un comunicado mediante el cual explic\u00f3 los motivos que lo llevaron a presentar su renuncia a la presidencia del bloque dentro de la C\u00e1mara de Diputados.<\/strong><\/p>\n<p><strong>\u00abDecido liberar al Presidente para que no se sienta presionado\u201d, se\u00f1al\u00f3 Kirchner en la carta. La decisi\u00f3n del hijo de la vicepresidenta se produce a pocos d\u00edas del principio de entendimiento del gobierno de Alberto Fern\u00e1ndez con el Fondo Monetario Internacional (FMI).<\/strong><\/p>\n<p>\u00abEsta decisi\u00f3n nace de no compartir la estrategia utilizada y los resultados obtenidos en la negociaci\u00f3n con el FMI. Permanecer\u00e9 dentro del bloque para facilitar la tarea del Presidente y su entorno\u00bb, agreg\u00f3 el l\u00edder del PJ bonaerense.<\/p>\n<p>Profundiz\u00f3: \u00abEs mejor dar un paso al costado para que, de esa manera, \u00e9l (Alberto Fern\u00e1ndez) pueda elegir a alguien que crea en este programa del FMI, no s\u00f3lo en lo inmediato, sino tambi\u00e9n mirando m\u00e1s all\u00e1 del 10 de diciembre de 2023\u00bb.<\/p>\n<p>\u00abSer\u00eda m\u00e1s que incorrecto aferrarse a la presidencia del bloque cuando no se puede acompa\u00f1ar un proyecto de una centralidad tan decisiva en t\u00e9rminos del presente y los a\u00f1os que vendr\u00e1n\u00bb, reflexion\u00f3 el jefe de La C\u00e1mpora tras apartarse de su puesto en la C\u00e1mara Baja.<\/p>\n<p>Y complet\u00f3: \u00abOjal\u00e1 todo salga en los pr\u00f3ximos a\u00f1os como el sistema pol\u00edtico, econ\u00f3mico y medi\u00e1tico argentino promete y mis palabras sean las de alguien que s\u00f3lo se equivoc\u00f3, y no hizo otra cosa que dejar un lugar para seguir ayudando\u00bb.<\/p>\n<p>Se trata de la primera reacci\u00f3n K despu\u00e9s de un silencio que se extendi\u00f3 por 72 horas desde que la Casa Rosada celebr\u00f3 el cierre de las negociaciones por la deuda contra\u00edda por la administraci\u00f3n de Cambiemos. Por ahora, sin embargo, Cristina Fern\u00e1ndez de Kirchner se mantiene callada.<\/p>\n<p>Al frente de la bancada oficialista desde diciembre de 2019, al llegar al poder el FdT, esta jugada pol\u00edtica es la m\u00e1s fuerte contra la Casa Rosada del kirchnerismo, socio mayoritario de la coalici\u00f3n de gobierno, despu\u00e9s de la catarata de renuncias (que no fueron) tras la derrota legislativa del a\u00f1o pasado.<\/p>\n<p>Seg\u00fan fuentes parlamentarias, si bien el 1 de febrero comienzan a regir las sesiones extraordinarias decretadas por Fern\u00e1ndez, el acuerdo con el FMI reci\u00e9n empezar\u00eda a debatirse en marzo, ya iniciado el periodo ordinario.<\/p>\n<p>Durante el fin de semana, con un kirchnerismo que se hab\u00eda refugiado en un herm\u00e9tico silencio, apenas se hab\u00eda difundido por mensajes de WhatsApp un viejo discurso del ahora ex titular del bloque oficial criticando al FMI.<\/p>\n<p>Como pr\u00f3logo, 24 horas antes del anuncio del acuerdo, desde Honduras, la vicepresidenta reiter\u00f3 sus cr\u00edticas al Fondo. La postura cristinista, se sab\u00eda, era intentar que el organismo de cr\u00e9dito admitiera parte de la culpa por haber aprobado el in\u00e9dito stand by de u$s 44.000 al gobierno de Mauricio Macri.<\/p>\n<p>Luego de conocerse la renuncia, el primer mandatario visit\u00f3 los estudios de C5N, en donde anticip\u00f3 que ma\u00f1ana ya se conocer\u00e1 a la persona que tome el mando del bloque oficialista en Diputados.<\/p>\n","protected":false},"excerpt":{"rendered":"<p>El diputado nacional del Frente de Todos M\u00e1ximo Kirchner divulg\u00f3 este lunes 31 de enero un comunicado mediante el cual explic\u00f3 los motivos que lo llevaron a presentar su renuncia a la presidencia del bloque dentro de la C\u00e1mara de Diputados. \u00abDecido liberar al Presidente para que no se sienta presionado\u201d, se\u00f1al\u00f3 Kirchner en la [&hellip;]<\/p>\n","protected":false},"author":1,"featured_media":19018,"comment_status":"closed","ping_status":"closed","sticky":false,"template":"","format":"standard","meta":{"footnotes":""},"categories":[30,48],"tags":[82,88,104,151],"class_list":{"0":"post-19017","1":"post","2":"type-post","3":"status-publish","4":"format-standard","5":"has-post-thumbnail","7":"category-nacion","8":"category-politica-argentina","9":"tag-alberto-fernandez","10":"tag-cristina-fernandez","11":"tag-frente-de-todos","12":"tag-maximo-kirchner"},"aioseo_notices":[],"_links":{"self":[{"href":"https:\/\/guiadenoticias.com.ar\/diario\/wp-json\/wp\/v2\/posts\/19017","targetHints":{"allow":["GET"]}}],"collection":[{"href":"https:\/\/guiadenoticias.com.ar\/diario\/wp-json\/wp\/v2\/posts"}],"about":[{"href":"https:\/\/guiadenoticias.com.ar\/diario\/wp-json\/wp\/v2\/types\/post"}],"author":[{"embeddable":true,"href":"https:\/\/guiadenoticias.com.ar\/diario\/wp-json\/wp\/v2\/users\/1"}],"replies":[{"embeddable":true,"href":"https:\/\/guiadenoticias.com.ar\/diario\/wp-json\/wp\/v2\/comments?post=19017"}],"version-history":[{"count":2,"href":"https:\/\/guiadenoticias.com.ar\/diario\/wp-json\/wp\/v2\/posts\/19017\/revisions"}],"predecessor-version":[{"id":19025,"href":"https:\/\/guiadenoticias.com.ar\/diario\/wp-json\/wp\/v2\/posts\/19017\/revisions\/19025"}],"wp:featuredmedia":[{"embeddable":true,"href":"https:\/\/guiadenoticias.com.ar\/diario\/wp-json\/wp\/v2\/media\/19018"}],"wp:attachment":[{"href":"https:\/\/guiadenoticias.com.ar\/diario\/wp-json\/wp\/v2\/media?parent=19017"}],"wp:term":[{"taxonomy":"category","embeddable":true,"href":"https:\/\/guiadenoticias.com.ar\/diario\/wp-json\/wp\/v2\/categories?post=19017"},{"taxonomy":"post_tag","embeddable":true,"href":"https:\/\/guiadenoticias.com.ar\/diario\/wp-json\/wp\/v2\/tags?post=19017"}],"curies":[{"name":"wp","href":"https:\/\/api.w.org\/{rel}","templated":true}]}}