{"id":19067,"date":"2022-02-04T02:39:05","date_gmt":"2022-02-04T05:39:05","guid":{"rendered":"https:\/\/guiadenoticias.com.ar\/diario\/?p=19067"},"modified":"2022-02-08T02:39:34","modified_gmt":"2022-02-08T05:39:34","slug":"avanza-la-licitacion-para-acondicionar-la-casa-de-maria-elena-walsh","status":"publish","type":"post","link":"https:\/\/guiadenoticias.com.ar\/diario\/avanza-la-licitacion-para-acondicionar-la-casa-de-maria-elena-walsh\/","title":{"rendered":"Avanza la licitaci\u00f3n para acondicionar la casa de Mar\u00eda Elena Walsh"},"content":{"rendered":"<p>En el 92\u00ba aniversario del nacimiento de Mar\u00eda Elena Walsh, el intendente Lucas Ghi junto con el ministro de Cultura de la Naci\u00f3n, Trist\u00e1n Bauer, y la presidenta del Instituto Cultural de Buenos Aires, Florencia Saintout, participaron de la apertura de sobres correspondiente a la licitaci\u00f3n para obras de restauraci\u00f3n de la casa natal de la escritora. La vivienda, ubicada en Villa Sarmiento, ser\u00e1 reconvertida en un centro cultural y espacio de participaci\u00f3n abierto a la comunidad.<\/p>\n<p>Tambi\u00e9n acompa\u00f1\u00f3 el acto el ex intendente y presidente de Acumar, Mart\u00edn Sabbatella; el sobrino nieto de la escritora y cantautora, Maximiliano Walsh, y un concierto de percusi\u00f3n a cargo de \u201cTamborcitos del ECuNHi\u201d, integrado por ni\u00f1os y ni\u00f1as.<\/p>\n<p>\u201cEste ser\u00e1 un espacio que va a revitalizar de alg\u00fan modo la obra de Mar\u00eda Elena y revincularla con su entorno, su barrio, su casa, sus afectos. Trabajaremos para lograr materializar este sue\u00f1o que va a formar parte del patrimonio cultural de todas y todos los argentinos\u201d, sostuvo Ghi, al finalizar el acto.<\/p>\n<p>Meses atr\u00e1s, el Estado firm\u00f3 el t\u00edtulo de propiedad de la casa donde vivi\u00f3 la cantautora. La adquisici\u00f3n de este espacio se logr\u00f3 gracias a un trabajo articulado entre el municipio de Mor\u00f3n, el Ministerio de Cultura de la Naci\u00f3n y el gobierno bonaerense.<\/p>\n<p>Por su parte, el ministro resalt\u00f3: \u201cEs una gran emoci\u00f3n hacer esto nada m\u00e1s ni nada menos que en el d\u00eda del cumplea\u00f1os de Mar\u00eda Elena Walsh. Es un d\u00eda de felicidad que muestra que avanzamos con pasos concretos y precisos en la recreaci\u00f3n de la casa, y en la creaci\u00f3n de este Centro Cultural pensado y concebido sobre todo para nuestros ni\u00f1os y nuestras ni\u00f1as\u201d.<\/p>\n<p>Tras el llamado a licitaci\u00f3n para la obra de refacci\u00f3n y acondicionamiento del espacio cultural, se realiz\u00f3 la apertura del sobre de la empresa Majo Construcciones S.A., quien present\u00f3 su propuesta para desarrollar el proyecto. Ser\u00e1 evaluada para determinar la posterior adjudicaci\u00f3n de las obras.<\/p>\n<p>Las intervenciones tienen como fin la puesta en valor y remodelaci\u00f3n de la vivienda. El lugar contar\u00e1 con distintos espacios de participaci\u00f3n inspirados en las obras de Mar\u00eda Elena Walsh, que se podr\u00e1n recorrer y revivir el legado de la artista.<\/p>\n<p>La presidenta del Instituto Cultural destac\u00f3 que \u201cno solamente se tuvo la idea, sino que se trabaj\u00f3, se concret\u00f3 y hoy est\u00e1 empezando a ser posible. Adem\u00e1s, abre todas las perspectivas hacia adelante\u201d.<\/p>\n","protected":false},"excerpt":{"rendered":"<p>En el 92\u00ba aniversario del nacimiento de Mar\u00eda Elena Walsh, el intendente Lucas Ghi junto con el ministro de Cultura de la Naci\u00f3n, Trist\u00e1n Bauer, y la presidenta del Instituto Cultural de Buenos Aires, Florencia Saintout, participaron de la apertura de sobres correspondiente a la licitaci\u00f3n para obras de restauraci\u00f3n de la casa natal de [&hellip;]<\/p>\n","protected":false},"author":1,"featured_media":19068,"comment_status":"closed","ping_status":"closed","sticky":false,"template":"","format":"standard","meta":{"footnotes":""},"categories":[50,28,20],"tags":[73,93],"class_list":{"0":"post-19067","1":"post","2":"type-post","3":"status-publish","4":"format-standard","5":"has-post-thumbnail","7":"category-cultura","8":"category-moron","9":"category-municipios","10":"tag-lucas-ghi","11":"tag-martin-sabbatella"},"aioseo_notices":[],"_links":{"self":[{"href":"https:\/\/guiadenoticias.com.ar\/diario\/wp-json\/wp\/v2\/posts\/19067","targetHints":{"allow":["GET"]}}],"collection":[{"href":"https:\/\/guiadenoticias.com.ar\/diario\/wp-json\/wp\/v2\/posts"}],"about":[{"href":"https:\/\/guiadenoticias.com.ar\/diario\/wp-json\/wp\/v2\/types\/post"}],"author":[{"embeddable":true,"href":"https:\/\/guiadenoticias.com.ar\/diario\/wp-json\/wp\/v2\/users\/1"}],"replies":[{"embeddable":true,"href":"https:\/\/guiadenoticias.com.ar\/diario\/wp-json\/wp\/v2\/comments?post=19067"}],"version-history":[{"count":1,"href":"https:\/\/guiadenoticias.com.ar\/diario\/wp-json\/wp\/v2\/posts\/19067\/revisions"}],"predecessor-version":[{"id":19069,"href":"https:\/\/guiadenoticias.com.ar\/diario\/wp-json\/wp\/v2\/posts\/19067\/revisions\/19069"}],"wp:featuredmedia":[{"embeddable":true,"href":"https:\/\/guiadenoticias.com.ar\/diario\/wp-json\/wp\/v2\/media\/19068"}],"wp:attachment":[{"href":"https:\/\/guiadenoticias.com.ar\/diario\/wp-json\/wp\/v2\/media?parent=19067"}],"wp:term":[{"taxonomy":"category","embeddable":true,"href":"https:\/\/guiadenoticias.com.ar\/diario\/wp-json\/wp\/v2\/categories?post=19067"},{"taxonomy":"post_tag","embeddable":true,"href":"https:\/\/guiadenoticias.com.ar\/diario\/wp-json\/wp\/v2\/tags?post=19067"}],"curies":[{"name":"wp","href":"https:\/\/api.w.org\/{rel}","templated":true}]}}