{"id":19253,"date":"2022-03-14T02:55:31","date_gmt":"2022-03-14T05:55:31","guid":{"rendered":"https:\/\/guiadenoticias.com.ar\/diario\/?p=19253"},"modified":"2022-03-23T02:51:30","modified_gmt":"2022-03-23T05:51:30","slug":"lanzamiento-formal-de-expresion-interna-del-frente-de-todos-3f","status":"publish","type":"post","link":"https:\/\/guiadenoticias.com.ar\/diario\/lanzamiento-formal-de-expresion-interna-del-frente-de-todos-3f\/","title":{"rendered":"Lanzamiento formal de expresi\u00f3n interna del Frente de Todos 3F"},"content":{"rendered":"<p>La presentaci\u00f3n en Caseros de la agrupaci\u00f3n Tres de Febrero en Acci\u00f3n, conducida por Juan Pablo Zaragoza, e integrada al Frente de Todos, tuvo el marco de un acto con gran cantidad de asistentes y varios oradores. Participaron el concejal y candidato a presidente del PJ, Juan Debandi, y su compa\u00f1era de bancada Lis D\u00edaz. Tambi\u00e9n formaron parte del panel el titular de Camioneros Octavio Arguello, Cinthia Basualdo, dirigente de la agrupaci\u00f3n que integra la Lista 4, y el presidente del JJ Urquiza, Adri\u00e1n Zaffaroni.<\/p>\n<p>Entre el p\u00fablico se ubicaron los ediles Pablo Balor y Facundo Lococco; los ex concejales M\u00e1ximo Rodr\u00edguez y Ana Luz Balor, y el diputado provincial Juan Miguel G\u00f3mez Parodi. Adem\u00e1s, sentado en primera fila estuvo el padre de Mateo Villica, Gustavo, en la semana que la Justicia dict\u00f3 perpetua para el asesino del joven.<\/p>\n<p>El anfitri\u00f3n dijo que \u201cla patria grande la tenemos que construir entre todos y hoy se debate el acuerdo sobre el endeudamiento que tom\u00f3 Macri, que es inconstitucional, ilegal\u201d. Por otro lado, pidi\u00f3 que la gente se sume a la pol\u00edtica \u201cporque es lo m\u00e1s hermoso que hay\u201d.<\/p>\n<p>En el plano local, Zaragoza se\u00f1al\u00f3, \u201chay un gobierno municipal que sale en los medios de comunicaci\u00f3n haciendo pantalla; fue a Puerta 8, pero no estuvo cuando hizo falta contenci\u00f3n\u201d.<\/p>\n<p>\u201cTenemos el Poder Judicial en contra, los medios hegem\u00f3nicos en contra, los poderes econ\u00f3micos en contra, y la \u00fanica herramienta que tenemos es la militancia\u201d, indic\u00f3. Focalizado en el peronismo destac\u00f3, \u201cse avecina una interna partidaria y no tengo dudas de que la Lista 4 cumple el mandato del frente nacional y tiene voluntad de servicio\u201d<\/p>\n<p><em>EL ARMADO LOCAL<\/em><\/p>\n<p>En su discurso, Arguello dijo que \u201ces importante el nacimiento de una agrupaci\u00f3n para el peronismo, pero por sobre todo para la democracia. La \u00fanica forma en que se puede alimentar la pol\u00edtica es con agrupaciones y con la participaci\u00f3n de los vecinos y los militantes\u201d.<\/p>\n<p>Relacionado con las internas del PJ, en la cual competir\u00e1n tres boletas, el sindicalista expres\u00f3: \u201cMe pone feliz que haya participaci\u00f3n. Estoy ac\u00e1 porque creo que Juan (Debandi) es lo nuevo, el recambio que nos pidieron muchas veces. Estoy convencido de que el 27 de marzo este espacio tendr\u00e1 el triunfo, porque ac\u00e1 estamos los compa\u00f1eros que queremos transformar el peronismo y al pa\u00eds\u201d.<\/p>\n<p>\u201cLa \u00fanica lucha que se pierde es la que se abandona y nosotros los peronistas, seguramente, no vamos a abandonar ninguna lucha. Una vez m\u00e1s en la historia tendremos que arreglar el desastre que hace la derecha. Cuando todos se borran quedamos los peronistas salvando a nuestra patria\u201d, lanz\u00f3.<\/p>\n<p>En el cierre del encuentro, Debandi mencion\u00f3, \u201cla creaci\u00f3n de una agrupaci\u00f3n pol\u00edtica termina de convertirte en un dirigente pol\u00edtico\u201d; asimismo, le hizo un gui\u00f1o al secretario de Camioneros, \u201ces un reconocimiento que haya tomado la decisi\u00f3n de representar un espacio de conducci\u00f3n en la lista, pero sobre todo hace tiempo tenemos la comuni\u00f3n de encontrar ideas, valores y acciones para recuperar Tres de Febrero\u201d.<\/p>\n<p>Destac\u00f3 que \u201chay vecinos y vecinas que se convirtieron en compa\u00f1eros y compa\u00f1eras, abrazan nuestra causa y creen en lo que estamos construyendo\u201d, a la vez que pidi\u00f3, \u201cesta agrupaci\u00f3n no tiene que apoyar a Juan Debandi, lo que tiene que hacer es no dejar nunca de apoyar al pueblo, estar al lado de la gente, no olvidar que nuestra raz\u00f3n de ser es hacer feliz a la gente\u201d.<\/p>\n<p>Y desliz\u00f3 un mensaje interno: \u201cEn estos d\u00edas de dificultades, que tienen tambi\u00e9n que convertirse en fortaleza, no nos quedemos enganchados en los problemas. Nuestras posiciones pol\u00edticas las tenemos que debatir\u201d.<\/p>\n","protected":false},"excerpt":{"rendered":"<p>La presentaci\u00f3n en Caseros de la agrupaci\u00f3n Tres de Febrero en Acci\u00f3n, conducida por Juan Pablo Zaragoza, e integrada al Frente de Todos, tuvo el marco de un acto con gran cantidad de asistentes y varios oradores. Participaron el concejal y candidato a presidente del PJ, Juan Debandi, y su compa\u00f1era de bancada Lis D\u00edaz. [&hellip;]<\/p>\n","protected":false},"author":1,"featured_media":19254,"comment_status":"closed","ping_status":"closed","sticky":false,"template":"","format":"standard","meta":{"footnotes":""},"categories":[70,20,48,26],"tags":[104,160,138],"class_list":{"0":"post-19253","1":"post","2":"type-post","3":"status-publish","4":"format-standard","5":"has-post-thumbnail","7":"category-las-mas-leidas","8":"category-municipios","9":"category-politica-argentina","10":"category-tres-de-febrero","11":"tag-frente-de-todos","12":"tag-juan-debandi","13":"tag-pj"},"aioseo_notices":[],"_links":{"self":[{"href":"https:\/\/guiadenoticias.com.ar\/diario\/wp-json\/wp\/v2\/posts\/19253","targetHints":{"allow":["GET"]}}],"collection":[{"href":"https:\/\/guiadenoticias.com.ar\/diario\/wp-json\/wp\/v2\/posts"}],"about":[{"href":"https:\/\/guiadenoticias.com.ar\/diario\/wp-json\/wp\/v2\/types\/post"}],"author":[{"embeddable":true,"href":"https:\/\/guiadenoticias.com.ar\/diario\/wp-json\/wp\/v2\/users\/1"}],"replies":[{"embeddable":true,"href":"https:\/\/guiadenoticias.com.ar\/diario\/wp-json\/wp\/v2\/comments?post=19253"}],"version-history":[{"count":1,"href":"https:\/\/guiadenoticias.com.ar\/diario\/wp-json\/wp\/v2\/posts\/19253\/revisions"}],"predecessor-version":[{"id":19255,"href":"https:\/\/guiadenoticias.com.ar\/diario\/wp-json\/wp\/v2\/posts\/19253\/revisions\/19255"}],"wp:featuredmedia":[{"embeddable":true,"href":"https:\/\/guiadenoticias.com.ar\/diario\/wp-json\/wp\/v2\/media\/19254"}],"wp:attachment":[{"href":"https:\/\/guiadenoticias.com.ar\/diario\/wp-json\/wp\/v2\/media?parent=19253"}],"wp:term":[{"taxonomy":"category","embeddable":true,"href":"https:\/\/guiadenoticias.com.ar\/diario\/wp-json\/wp\/v2\/categories?post=19253"},{"taxonomy":"post_tag","embeddable":true,"href":"https:\/\/guiadenoticias.com.ar\/diario\/wp-json\/wp\/v2\/tags?post=19253"}],"curies":[{"name":"wp","href":"https:\/\/api.w.org\/{rel}","templated":true}]}}