{"id":19283,"date":"2022-03-18T03:35:45","date_gmt":"2022-03-18T06:35:45","guid":{"rendered":"https:\/\/guiadenoticias.com.ar\/diario\/?p=19283"},"modified":"2022-03-22T03:42:44","modified_gmt":"2022-03-22T06:42:44","slug":"altamira-la-otan-quiere-que-putin-se-entierre-en-ucrania","status":"publish","type":"post","link":"https:\/\/guiadenoticias.com.ar\/diario\/altamira-la-otan-quiere-que-putin-se-entierre-en-ucrania\/","title":{"rendered":"Altamira: \u201cLa OTAN quiere que Putin se entierre en Ucrania\u201d"},"content":{"rendered":"<p>El Sindicato de Trabajadores Municipales de Vicente L\u00f3pez retom\u00f3 las charlas debate en su sede gremial. En esta oportunidad disert\u00f3 Jorge Altamira, de Pol\u00edtica Obrera, y lo acompa\u00f1aron en el panel el secretario del STMVL, Victorio Pirillo, y el hijo del dirigente metal\u00fargico Felipe Vallese.<\/p>\n<p>Luego de la exposici\u00f3n, ante un auditorio completo, el hist\u00f3rico referente de la izquierda habl\u00f3 con Gu\u00eda de Noticias. En principio hizo menci\u00f3n a una \u201cdecadencia\u201d, agotamiento, del sistema capitalista; aunque admiti\u00f3 que \u201ces dif\u00edcil construir el socialismo en la escasez\u201d.<\/p>\n<p>En el plano internacional, consultado por la situaci\u00f3n en Ucrania, Altamira destac\u00f3 que \u201chay una guerra mundial y entiendo que decirlo es pol\u00e9mico, pero el punto importante ahora es el desarrollo de la guerra. Se juega la colonizaci\u00f3n de Rusia por occidente, que es la OTAN, Estados Unidos, los mercados internacionales\u201d.<\/p>\n<p>\u201cUna cosa es la acci\u00f3n de una potencia acorralada, desesperada, que comete cr\u00edmenes, y que va a perder. No le va a ganar a Europa occidental. La OTAN quiere que Putin se entierre en Ucrania\u201d, dispar\u00f3, y record\u00f3, \u201cen el discurso de Biden al inaugurar el a\u00f1o legislativo, dijo que va por un cambio de r\u00e9gimen en Rusia. Este es el objetivo de esta guerra\u201d.<\/p>\n<p>E insisti\u00f3 con la complejidad del tema: \u201cHasta el momento de la invasi\u00f3n de Putin, Ucrania era una colonia brutal del FMI. Lo parad\u00f3jico de esto es que con la parte d\u00e9bil, que va a perder, Rusia, estamos en contra, porque nos oponemos a una guerra de masacre. Pero es parte de una trama dominada por la OTAN\u201d.<\/p>\n<p><em>POL\u00ccTICA DOM\u00c9STICA O DOMESTICADA<\/em><\/p>\n<p>Ante el pedido de este portal de su an\u00e1lisis del Gobierno del Frente de Todos, Jorge Altamira remarc\u00f3, \u201casistimos a un proceso de profunda disgregaci\u00f3n, Argentina est\u00e1 a la deriva\u201d. Y sobre el acuerdo con el FMI, indic\u00f3 que \u201cdespu\u00e9s de esta votaci\u00f3n &#8211; en el Congreso -, el pa\u00eds va al FMI sin nada. El acuerdo va a salir como algo de facto. Est\u00e1 privado de toda legitimidad institucional y nuestra corriente fue la \u00fanica que lo advirti\u00f3\u201d.<\/p>\n<p>\u201cEl problema elemental es que no hay otra herramienta para solucionarlo que el capitalismo. Y hay una crisis del sistema capitalista. No puedo estar 50 a\u00f1os quej\u00e1ndome contra la deuda externa, porque c\u00f3mo puede ser que un pa\u00eds durante 50 a\u00f1os tenga el mismo problema\u201d, cuestion\u00f3 tambi\u00e9n.<\/p>\n<p>Un poco m\u00e1s atr\u00e1s en el tiempo, repas\u00f3: \u201cCuando el precio de la soja estaba a niveles r\u00e9cord y Cristina Kirchner sac\u00f3 el 54 por ciento de los votos, ella se jactaba de que los obreros nunca hab\u00edan vivido tan bien; dur\u00f3 dos a\u00f1os. Cuando uno mide una estructura social no puede juzgar por dos a\u00f1os\u201d.<\/p>\n<p>Tras reiterar que \u201cnos expulsaron del Partido Obrero, que yo fund\u00e9\u201d, opin\u00f3 sobre el panorama actual de la izquierda, \u201ctiene grandes corrientes, una masa de grupos que son r\u00e9moras de otra \u00e9poca. Tienen una visi\u00f3n superada de la realidad, entonces pueden actuar, tirar piedras y dem\u00e1s\u201d.<\/p>\n<p>2023: \u201cTenemos la personer\u00eda en la Ciudad; en Buenos Aires tenemos la legalidad nacional, ahora vamos a tener la provincial y en otras provincias. As\u00ed que este a\u00f1o seremos partido nacional\u201d, adelant\u00f3 con entusiasmo a pocos d\u00edas de cumplir 80.<\/p>\n","protected":false},"excerpt":{"rendered":"<p>El Sindicato de Trabajadores Municipales de Vicente L\u00f3pez retom\u00f3 las charlas debate en su sede gremial. En esta oportunidad disert\u00f3 Jorge Altamira, de Pol\u00edtica Obrera, y lo acompa\u00f1aron en el panel el secretario del STMVL, Victorio Pirillo, y el hijo del dirigente metal\u00fargico Felipe Vallese. Luego de la exposici\u00f3n, ante un auditorio completo, el hist\u00f3rico [&hellip;]<\/p>\n","protected":false},"author":1,"featured_media":19284,"comment_status":"closed","ping_status":"closed","sticky":false,"template":"","format":"standard","meta":{"footnotes":""},"categories":[20,48,25],"tags":[181,201],"class_list":{"0":"post-19283","1":"post","2":"type-post","3":"status-publish","4":"format-standard","5":"has-post-thumbnail","7":"category-municipios","8":"category-politica-argentina","9":"category-vicente-lopez","10":"tag-izquierda","11":"tag-jorge-altamira"},"aioseo_notices":[],"_links":{"self":[{"href":"https:\/\/guiadenoticias.com.ar\/diario\/wp-json\/wp\/v2\/posts\/19283","targetHints":{"allow":["GET"]}}],"collection":[{"href":"https:\/\/guiadenoticias.com.ar\/diario\/wp-json\/wp\/v2\/posts"}],"about":[{"href":"https:\/\/guiadenoticias.com.ar\/diario\/wp-json\/wp\/v2\/types\/post"}],"author":[{"embeddable":true,"href":"https:\/\/guiadenoticias.com.ar\/diario\/wp-json\/wp\/v2\/users\/1"}],"replies":[{"embeddable":true,"href":"https:\/\/guiadenoticias.com.ar\/diario\/wp-json\/wp\/v2\/comments?post=19283"}],"version-history":[{"count":5,"href":"https:\/\/guiadenoticias.com.ar\/diario\/wp-json\/wp\/v2\/posts\/19283\/revisions"}],"predecessor-version":[{"id":19293,"href":"https:\/\/guiadenoticias.com.ar\/diario\/wp-json\/wp\/v2\/posts\/19283\/revisions\/19293"}],"wp:featuredmedia":[{"embeddable":true,"href":"https:\/\/guiadenoticias.com.ar\/diario\/wp-json\/wp\/v2\/media\/19284"}],"wp:attachment":[{"href":"https:\/\/guiadenoticias.com.ar\/diario\/wp-json\/wp\/v2\/media?parent=19283"}],"wp:term":[{"taxonomy":"category","embeddable":true,"href":"https:\/\/guiadenoticias.com.ar\/diario\/wp-json\/wp\/v2\/categories?post=19283"},{"taxonomy":"post_tag","embeddable":true,"href":"https:\/\/guiadenoticias.com.ar\/diario\/wp-json\/wp\/v2\/tags?post=19283"}],"curies":[{"name":"wp","href":"https:\/\/api.w.org\/{rel}","templated":true}]}}