{"id":19323,"date":"2022-03-23T03:07:41","date_gmt":"2022-03-23T06:07:41","guid":{"rendered":"https:\/\/guiadenoticias.com.ar\/diario\/?p=19323"},"modified":"2022-03-24T03:09:14","modified_gmt":"2022-03-24T06:09:14","slug":"kicillof-y-juan-andreotti-inauguraron-la-escuela-tecnica-n1","status":"publish","type":"post","link":"https:\/\/guiadenoticias.com.ar\/diario\/kicillof-y-juan-andreotti-inauguraron-la-escuela-tecnica-n1\/","title":{"rendered":"Kicillof y Juan Andreotti inauguraron la Escuela T\u00e9cnica N\u00b01"},"content":{"rendered":"<p>El municipio de San Fernando inaugur\u00f3 el edificio de la Escuela T\u00e9cnica N\u00b01 de Islas, establecimiento educativo realizado mediante el Programa de Ayuda a Escuelas Provinciales, que invierte m\u00e1s de 600 millones de pesos de fondos municipales para renovar la infraestructura y equipamiento. Este colegio es el m\u00e1s grande y representativo de la regi\u00f3n insular, donde diariamente 280 alumnos y alumnas realizan pr\u00e1cticas de soldadura, carpinter\u00eda, inform\u00e1tica y electricidad.<\/p>\n<p>Del acto inaugural particip\u00f3 el intendente Juan Andreotti, junto con el gobernador Axel Kicillof y el ministro de Educaci\u00f3n de Provincia, Alberto Sileoni.<\/p>\n<p>En ese marco, el jefe comunal dijo: \u201cCon el Programa de Ayuda a Escuelas Provinciales este a\u00f1o hicimos a nuevo 7 instituciones educativas, una inversi\u00f3n de m\u00e1s de 600 millones de pesos, que es el esfuerzo de la comunidad y un trabajo en conjunto con la provincia de Buenos Aires. Estamos convencidos de que el camino es la educaci\u00f3n y para que sea m\u00e1s f\u00e1cil de transitar para nuestros hijos y nuestros maestros debemos tener escuelas de calidad\u201d.<\/p>\n<p>\u201cToda inauguraci\u00f3n siempre es una alegr\u00eda, pero cuando es en materia educativa es doble. La escuela es el primer lugar de encuentro de toda sociedad, que tiene un significado especial ac\u00e1 en el Delta; no s\u00f3lo es el lugar donde vienen las pibas y los pibes a estudiar, sino que es el coraz\u00f3n de la comunidad de un Delta que tiene una extensi\u00f3n muy grande. Si no existe la escuela, no existe comunidad, por eso lo importante es renovarlas y que nadie venga luego con la idea de cerrarlas, con la importancia que tiene cada una\u201d, desliz\u00f3 Andreotti.<\/p>\n<p>Kicillof sigui\u00f3 en esa l\u00ednea. \u201cVenimos de una \u00e9poca en la que se intent\u00f3 cerrar las escuelas del Delta y se atac\u00f3 a la educaci\u00f3n t\u00e9cnica porque se cre\u00eda que la escuela p\u00fablica era un lugar \u2018en el que se ca\u00eda\u2019\u00bb, y agreg\u00f3 que \u201choy estamos orgullosos de nuestras instituciones en las islas y acompa\u00f1amos a las escuelas t\u00e9cnicas, porque estamos convencidos de que la educaci\u00f3n p\u00fablica es una forma de generar igualdad de oportunidades\u201d.<\/p>\n<p>Adem\u00e1s, se\u00f1al\u00f3 que \u201cse necesita un Estado presente que genere determinadas condiciones y contextos\u201d. \u201cPara nosotros, justicia social es que las y los estudiantes del Delta cuenten con una escuela t\u00e9cnica que alcance los mismos par\u00e1metros educativos de cualquier otro lugar de la Provincia\u201d.<\/p>\n<p>A su turno, el ministro de Educaci\u00f3n se\u00f1al\u00f3: \u201cLa escuela t\u00e9cnica se relaciona con la producci\u00f3n, el trabajo y los egresados tienen una gran empleabilidad; no se construye una sociedad justa sino con un Estado municipal, provincial y nacional que trabajen mancomunados con los mismos objetivos. El gobierno anterior recort\u00f3 1,2 puntos del PBI destinado a educaci\u00f3n, no construy\u00f3 escuelas y las consecuencias est\u00e1n a la vista. Los dos \u00faltimos a\u00f1os inauguramos 60 escuelas y entre marzo y abril 20 m\u00e1s\u201d.<\/p>\n","protected":false},"excerpt":{"rendered":"<p>El municipio de San Fernando inaugur\u00f3 el edificio de la Escuela T\u00e9cnica N\u00b01 de Islas, establecimiento educativo realizado mediante el Programa de Ayuda a Escuelas Provinciales, que invierte m\u00e1s de 600 millones de pesos de fondos municipales para renovar la infraestructura y equipamiento. Este colegio es el m\u00e1s grande y representativo de la regi\u00f3n insular, [&hellip;]<\/p>\n","protected":false},"author":1,"featured_media":19324,"comment_status":"closed","ping_status":"closed","sticky":false,"template":"","format":"standard","meta":{"footnotes":""},"categories":[20,22],"tags":[83,131,76],"class_list":{"0":"post-19323","1":"post","2":"type-post","3":"status-publish","4":"format-standard","5":"has-post-thumbnail","7":"category-municipios","8":"category-san-fernando","9":"tag-axel-kicillof","10":"tag-educacion","11":"tag-juan-andreotti"},"aioseo_notices":[],"_links":{"self":[{"href":"https:\/\/guiadenoticias.com.ar\/diario\/wp-json\/wp\/v2\/posts\/19323","targetHints":{"allow":["GET"]}}],"collection":[{"href":"https:\/\/guiadenoticias.com.ar\/diario\/wp-json\/wp\/v2\/posts"}],"about":[{"href":"https:\/\/guiadenoticias.com.ar\/diario\/wp-json\/wp\/v2\/types\/post"}],"author":[{"embeddable":true,"href":"https:\/\/guiadenoticias.com.ar\/diario\/wp-json\/wp\/v2\/users\/1"}],"replies":[{"embeddable":true,"href":"https:\/\/guiadenoticias.com.ar\/diario\/wp-json\/wp\/v2\/comments?post=19323"}],"version-history":[{"count":1,"href":"https:\/\/guiadenoticias.com.ar\/diario\/wp-json\/wp\/v2\/posts\/19323\/revisions"}],"predecessor-version":[{"id":19325,"href":"https:\/\/guiadenoticias.com.ar\/diario\/wp-json\/wp\/v2\/posts\/19323\/revisions\/19325"}],"wp:featuredmedia":[{"embeddable":true,"href":"https:\/\/guiadenoticias.com.ar\/diario\/wp-json\/wp\/v2\/media\/19324"}],"wp:attachment":[{"href":"https:\/\/guiadenoticias.com.ar\/diario\/wp-json\/wp\/v2\/media?parent=19323"}],"wp:term":[{"taxonomy":"category","embeddable":true,"href":"https:\/\/guiadenoticias.com.ar\/diario\/wp-json\/wp\/v2\/categories?post=19323"},{"taxonomy":"post_tag","embeddable":true,"href":"https:\/\/guiadenoticias.com.ar\/diario\/wp-json\/wp\/v2\/tags?post=19323"}],"curies":[{"name":"wp","href":"https:\/\/api.w.org\/{rel}","templated":true}]}}