{"id":19444,"date":"2022-04-07T02:47:53","date_gmt":"2022-04-07T05:47:53","guid":{"rendered":"https:\/\/guiadenoticias.com.ar\/diario\/?p=19444"},"modified":"2022-04-08T02:48:24","modified_gmt":"2022-04-08T05:48:24","slug":"rodriguez-larreta-santilli-y-valenzuela-en-general-rodriguez","status":"publish","type":"post","link":"https:\/\/guiadenoticias.com.ar\/diario\/rodriguez-larreta-santilli-y-valenzuela-en-general-rodriguez\/","title":{"rendered":"Rodr\u00edguez Larreta, Santilli y Valenzuela, en General Rodr\u00edguez"},"content":{"rendered":"<p>El intendente de Tres de Febrero, Diego Valenzuela, visit\u00f3 General Rodr\u00edguez junto con Horacio Rodr\u00edguez Larreta y Diego Santilli, donde escucharon a los vecinos de la zona. Tambi\u00e9n, los acompa\u00f1\u00f3 Dar\u00edo Kubar, referente de Juntos en el distrito. \u201cSeguimos recorriendo la Provincia para conocer las necesidades de todos los bonaerenses y aprender cada d\u00eda m\u00e1s\u201d, expres\u00f3 el jefe comunal.<\/p>\n<p>Seg\u00fan consignaron en el comunicado de prensa, con el objetivo de trabajar en la formaci\u00f3n de un equipo que mejore la vida de los vecinos, los referentes del PRO caminaron por el centro comercial de General Rodr\u00edguez, donde la gente les coment\u00f3 su situaci\u00f3n actual.<\/p>\n<p>\u201cSabemos que la Provincia atraviesa una situaci\u00f3n dif\u00edcil y queremos sumar y ayudar; construir un equipo que brinde la seguridad, la estabilidad, y recuperar la esperanza de una mejor calidad de vida para los bonaerenses\u201d, destac\u00f3 Valenzuela. M\u00e1s tarde, los dirigentes almorzaron en \u201cLa Panor\u00e1mica\u201d, una parrilla emblem\u00e1tica del distrito, donde se gener\u00f3 una reuni\u00f3n de agenda de pol\u00edtica y gesti\u00f3n.<\/p>\n<p>Finalmente, estuvieron en Ritorna Caf\u00e9. All\u00ed mantuvieron una charla con residentes de la zona donde respondieron todas sus consultas acerca de las gestiones actuales y las propuestas para resolver los problemas econ\u00f3micos para atravesar la crisis que atraviesa el pa\u00eds.<\/p>\n","protected":false},"excerpt":{"rendered":"<p>El intendente de Tres de Febrero, Diego Valenzuela, visit\u00f3 General Rodr\u00edguez junto con Horacio Rodr\u00edguez Larreta y Diego Santilli, donde escucharon a los vecinos de la zona. Tambi\u00e9n, los acompa\u00f1\u00f3 Dar\u00edo Kubar, referente de Juntos en el distrito. \u201cSeguimos recorriendo la Provincia para conocer las necesidades de todos los bonaerenses y aprender cada d\u00eda m\u00e1s\u201d, [&hellip;]<\/p>\n","protected":false},"author":1,"featured_media":19445,"comment_status":"closed","ping_status":"closed","sticky":false,"template":"","format":"standard","meta":{"footnotes":""},"categories":[69,20,48,31],"tags":[165,72,95,173,142],"class_list":{"0":"post-19444","1":"post","2":"type-post","3":"status-publish","4":"format-standard","5":"has-post-thumbnail","7":"category-ciudad-de-buenos-aires","8":"category-municipios","9":"category-politica-argentina","10":"category-provincia","11":"tag-diego-santilli","12":"tag-diego-valenzuela","13":"tag-horacio-rodriguez-larreta","14":"tag-juntos","15":"tag-pro"},"aioseo_notices":[],"_links":{"self":[{"href":"https:\/\/guiadenoticias.com.ar\/diario\/wp-json\/wp\/v2\/posts\/19444","targetHints":{"allow":["GET"]}}],"collection":[{"href":"https:\/\/guiadenoticias.com.ar\/diario\/wp-json\/wp\/v2\/posts"}],"about":[{"href":"https:\/\/guiadenoticias.com.ar\/diario\/wp-json\/wp\/v2\/types\/post"}],"author":[{"embeddable":true,"href":"https:\/\/guiadenoticias.com.ar\/diario\/wp-json\/wp\/v2\/users\/1"}],"replies":[{"embeddable":true,"href":"https:\/\/guiadenoticias.com.ar\/diario\/wp-json\/wp\/v2\/comments?post=19444"}],"version-history":[{"count":1,"href":"https:\/\/guiadenoticias.com.ar\/diario\/wp-json\/wp\/v2\/posts\/19444\/revisions"}],"predecessor-version":[{"id":19446,"href":"https:\/\/guiadenoticias.com.ar\/diario\/wp-json\/wp\/v2\/posts\/19444\/revisions\/19446"}],"wp:featuredmedia":[{"embeddable":true,"href":"https:\/\/guiadenoticias.com.ar\/diario\/wp-json\/wp\/v2\/media\/19445"}],"wp:attachment":[{"href":"https:\/\/guiadenoticias.com.ar\/diario\/wp-json\/wp\/v2\/media?parent=19444"}],"wp:term":[{"taxonomy":"category","embeddable":true,"href":"https:\/\/guiadenoticias.com.ar\/diario\/wp-json\/wp\/v2\/categories?post=19444"},{"taxonomy":"post_tag","embeddable":true,"href":"https:\/\/guiadenoticias.com.ar\/diario\/wp-json\/wp\/v2\/tags?post=19444"}],"curies":[{"name":"wp","href":"https:\/\/api.w.org\/{rel}","templated":true}]}}