{"id":19465,"date":"2022-04-12T01:55:57","date_gmt":"2022-04-12T04:55:57","guid":{"rendered":"https:\/\/guiadenoticias.com.ar\/diario\/?p=19465"},"modified":"2022-04-13T02:08:37","modified_gmt":"2022-04-13T05:08:37","slug":"reunion-sobre-seguridad-entre-ciudad-y-tres-de-febrero","status":"publish","type":"post","link":"https:\/\/guiadenoticias.com.ar\/diario\/reunion-sobre-seguridad-entre-ciudad-y-tres-de-febrero\/","title":{"rendered":"Reuni\u00f3n sobre seguridad entre Ciudad y Tres de Febrero"},"content":{"rendered":"<p>Diego Valenzuela, intendente de Tres de Febrero, estuvo en la Ciudad Aut\u00f3noma de Buenos Aires para firmar un convenio y profundizar la colaboraci\u00f3n y el trabajo en equipo con la incorporaci\u00f3n del distrito bonaerense al Anillo Digital. Se reuni\u00f3 con Jorge Marcri, ministro de Gobierno, y Marcelo D\u2019Alessandro, ministro de Seguridad. \u201cEs muy importante para nosotros, porque ellos tienen una gran experiencia en el tema y, sobre todo, porque para las cosas importantes no hay fronteras\u201d, expres\u00f3 el jefe comunal.<\/p>\n<p>El objetivo principal es profundizar la lucha contra el delito, con la incorporaci\u00f3n de c\u00e1maras y lectores de patentes, y as\u00ed llevar adelante un control tecnol\u00f3gico. Adem\u00e1s, se realizar\u00e1n intercambios de informaci\u00f3n y experiencias para optimizar resultados.<\/p>\n<p>Tambi\u00e9n, las autoridades acordaron continuar con las capacitaciones que reciben los choferes municipales y los motoristas para formar un grupo de intervenci\u00f3n en los centros comerciales con el fin de hacerlos m\u00e1s seguros para los vecinos. Adem\u00e1s, se formar\u00e1 al personal del Centro de Operaciones y Monitoreo (COM) de Tres de Febrero.<\/p>\n<p>Por su parte, Marcelo D\u00b4Alessandro habl\u00f3 sobre la Ciudad y los municipios bonaerenses: \u201cLa General Paz no nos divide, nos une con los diferentes municipios\u201d, coment\u00f3. \u201cLa Ciudad de Buenos Aires trabaja con los municipios lindantes, como Tres de Febrero, para coordinar en materia de seguridad con las lectoras de patentes\u201d, agreg\u00f3.<\/p>\n<p>Finalmente, Jorge Macri afirm\u00f3 que ampliar\u00e1n el Anillo Digital para mejorar la seguridad en los accesos. \u201cLa inseguridad se mueve muy r\u00e1pido y no entiende de fronteras ni l\u00edmites geogr\u00e1ficos\u201d.<\/p>\n","protected":false},"excerpt":{"rendered":"<p>Diego Valenzuela, intendente de Tres de Febrero, estuvo en la Ciudad Aut\u00f3noma de Buenos Aires para firmar un convenio y profundizar la colaboraci\u00f3n y el trabajo en equipo con la incorporaci\u00f3n del distrito bonaerense al Anillo Digital. Se reuni\u00f3 con Jorge Marcri, ministro de Gobierno, y Marcelo D\u2019Alessandro, ministro de Seguridad. \u201cEs muy importante para [&hellip;]<\/p>\n","protected":false},"author":1,"featured_media":19466,"comment_status":"closed","ping_status":"closed","sticky":false,"template":"","format":"standard","meta":{"footnotes":""},"categories":[69,20,26],"tags":[72,71,159],"class_list":{"0":"post-19465","1":"post","2":"type-post","3":"status-publish","4":"format-standard","5":"has-post-thumbnail","7":"category-ciudad-de-buenos-aires","8":"category-municipios","9":"category-tres-de-febrero","10":"tag-diego-valenzuela","11":"tag-jorge-macri","12":"tag-seguridad"},"aioseo_notices":[],"_links":{"self":[{"href":"https:\/\/guiadenoticias.com.ar\/diario\/wp-json\/wp\/v2\/posts\/19465","targetHints":{"allow":["GET"]}}],"collection":[{"href":"https:\/\/guiadenoticias.com.ar\/diario\/wp-json\/wp\/v2\/posts"}],"about":[{"href":"https:\/\/guiadenoticias.com.ar\/diario\/wp-json\/wp\/v2\/types\/post"}],"author":[{"embeddable":true,"href":"https:\/\/guiadenoticias.com.ar\/diario\/wp-json\/wp\/v2\/users\/1"}],"replies":[{"embeddable":true,"href":"https:\/\/guiadenoticias.com.ar\/diario\/wp-json\/wp\/v2\/comments?post=19465"}],"version-history":[{"count":3,"href":"https:\/\/guiadenoticias.com.ar\/diario\/wp-json\/wp\/v2\/posts\/19465\/revisions"}],"predecessor-version":[{"id":19473,"href":"https:\/\/guiadenoticias.com.ar\/diario\/wp-json\/wp\/v2\/posts\/19465\/revisions\/19473"}],"wp:featuredmedia":[{"embeddable":true,"href":"https:\/\/guiadenoticias.com.ar\/diario\/wp-json\/wp\/v2\/media\/19466"}],"wp:attachment":[{"href":"https:\/\/guiadenoticias.com.ar\/diario\/wp-json\/wp\/v2\/media?parent=19465"}],"wp:term":[{"taxonomy":"category","embeddable":true,"href":"https:\/\/guiadenoticias.com.ar\/diario\/wp-json\/wp\/v2\/categories?post=19465"},{"taxonomy":"post_tag","embeddable":true,"href":"https:\/\/guiadenoticias.com.ar\/diario\/wp-json\/wp\/v2\/tags?post=19465"}],"curies":[{"name":"wp","href":"https:\/\/api.w.org\/{rel}","templated":true}]}}