{"id":19499,"date":"2022-04-14T23:34:24","date_gmt":"2022-04-15T02:34:24","guid":{"rendered":"https:\/\/guiadenoticias.com.ar\/diario\/?p=19499"},"modified":"2022-04-18T20:30:12","modified_gmt":"2022-04-18T23:30:12","slug":"natalia-fernandez-despues-de-tanto-tiempo-el-radicalismo-puede-mostrar-gestion","status":"publish","type":"post","link":"https:\/\/guiadenoticias.com.ar\/diario\/natalia-fernandez-despues-de-tanto-tiempo-el-radicalismo-puede-mostrar-gestion\/","title":{"rendered":"Natalia Fern\u00e1ndez: \u201cDespu\u00e9s de tanto tiempo el radicalismo puede mostrar gesti\u00f3n\u201d"},"content":{"rendered":"<p>Natalia Fern\u00e1ndez, concejal radical del Concejo Deliberante de Tres de Febrero, pas\u00f3 por los estudios de Class Fm, en el primer programa de Alta Data &#8211; mi\u00e9rcoles de 17 a 18 -. En la entrevista dej\u00f3 definiciones sobre la Rendici\u00f3n de Cuentas aprobada en dicha jornada, evalu\u00f3 la actualidad del radicalismo y carg\u00f3 contra las internas del Frente de Todos.<\/p>\n<p>Relacionado con la Rendici\u00f3n de Cuentas se\u00f1al\u00f3 que \u201cla sesi\u00f3n fue ordenada, se cumpli\u00f3 el orden que planteamos en los dos bloques, tanto oposici\u00f3n como oficialismo. Se pod\u00eda hablar, pero no tener un di\u00e1logo como a veces sucede, esto de ida y vuelta entre concejales\u201d.<\/p>\n<p>El ejercicio arroj\u00f3 un super\u00e1vit de 1400 millones de pesos (ver Rendici\u00f3n de Cuentas). Sobre este punto la vicepresidenta del HCD, aclar\u00f3, \u201ctengamos en cuenta que en un presupuesto de m\u00e1s de 11 mil millones,\u00a0hablamos de un super\u00e1vit que ronda el diez por ciento. No s\u00f3lo fuimos cuidadosos, sino que contemplamos esto de empezar a tener buenas pr\u00e1cticas de los presupuestos y asignar lo que se va a gastar, tener un uso responsable, tambi\u00e9n contemplar lo que es la inflaci\u00f3n\u201d.<\/p>\n<p>Adem\u00e1s, hist\u00f3ricamente Tres de Febrero es uno de los distritos que primero lleva adelante la Rendici\u00f3n. \u201cTratamos de cumplir los tiempos pautados por la Ley Org\u00e1nica de las Municipalidades; siempre el Presupuesto y la Rendici\u00f3n tratamos de no excedernos en los tiempos, ni pedir pr\u00f3rrogas para entorpecer, para que nadie tenga dudas tampoco sobre las cuentas\u201d.<\/p>\n<p>Ante la consulta de las observaciones de la oposici\u00f3n, Fern\u00e1ndez indic\u00f3, \u201chay que tener en cuenta tambi\u00e9n el contexto en que se dieron los \u00faltimos dos presupuestos y las dos rendiciones. Con una pandemia de por medio en donde vos planificas algo, tengamos en cuenta que la planificaci\u00f3n se da desde mediados de a\u00f1o hasta casi septiembre y en octubre, noviembre, nosotros aprobamos el Presupuesto de lo que se supone que va a suceder durante todo el a\u00f1o siguiente\u201d.<\/p>\n<p>Agreg\u00f3 que \u201cen Argentina y con contextos pol\u00edticos a niveles nacionales y provinciales que llaman bastante la atenci\u00f3n, siendo del mismo color pol\u00edtico, distinto al municipal, a veces esas cosas tambi\u00e9n se ven reflejadas despu\u00e9s en la ejecuci\u00f3n de los programas, en los cuales hay decisiones pol\u00edticas que a veces se dan m\u00e1s o menos en algunos municipios; a\u00a0 algunos se les da m\u00e1s recursos, otros menos o se les demoran esos recursos\u201d.<\/p>\n<p>En el terreno de la pandemia y la inseguridad en los \u00faltimos dos a\u00f1os, la edil consider\u00f3, \u201chay \u00e1reas que reciben los presupuestos que corresponden dentro de las injerencias y responsabilidad que tambi\u00e9n tiene un municipio, como cualquier municipio que toma cada vez m\u00e1s responsabilidades y tiene menos presupuesto para invertir. Que no es un dato menor\u201d.<\/p>\n<p>\u201cUn caso muy claro, que ellos &#8211; FdT &#8211; llaman subejecuci\u00f3n, por ejemplo, sucedi\u00f3 en 2020 y en 2021, es el presupuesto que te transfiere la provincia de Buenos Aires para la ejecuci\u00f3n de las obras en las escuelas. \u00bfC\u00f3mo pod\u00edas ejecutar obras en las escuelas si estaban cerradas? El a\u00f1o pasado fue mucho menor el tiempo de cierre, pero son tres o cuatro meses de demora para hacer obras, que tengamos en cuenta que del 1 enero hasta el 1 de marzo que empezaron las clases, no sab\u00edamos si se abr\u00edan las escuelas. Tuvimos un mes de clases y volvimos a cerrar hasta agosto. Entonces si sum\u00e1s todos esos meses obviamente hubo subejecuci\u00f3n, porque vos lo que tendr\u00edas que haber hecho en doce meses, hubo seis meses que no lo tuviste permitido\u201d.<\/p>\n<p>Por otro lado, la concejal radical record\u00f3, \u201cen otro caso reci\u00e9n ahora se comunica, o la oposici\u00f3n habla sobre las paradas seguras, y ese presupuesto y ese convenio con Naci\u00f3n y Provincia se firm\u00f3 el a\u00f1o pasado y se convalid\u00f3 en el Concejo Deliberante, pero la transferencia se hizo en diciembre y en diciembre yo no puedo llamar a licitaci\u00f3n y es un gasto que voy a tener. Tengo el fondo que no puedo ejecutar porque no me dan los tiempos legales para ejecutar algo en 15 d\u00edas, no puedo ni llamar a licitaci\u00f3n para gastar esa plata, entonces hay una subejecuci\u00f3n de una partida\u201d.<\/p>\n<p><em>UCR<\/em><\/p>\n<p>En otro tramo de la entrevista radial fue consultada por c\u00f3mo est\u00e1n las cosas en el partido a nivel local y a nivel provincial. \u201cM\u00e1s que nada, lo bueno es que despu\u00e9s de tanto tiempo el radicalismo puede mostrar gesti\u00f3n. Tres de Febrero es un claro ejemplo de la Provincia de lo que tendr\u00eda que haber salido o surgido de la alianza original de Cambiemos, se logr\u00f3 trabajar, hacer propuestas, se convoc\u00f3 gente; tambi\u00e9n sumamos gente al radicalismo, gente nueva con y sin experiencia\u00bb.<\/p>\n<p>Al indagar m\u00e1s sobre las internas en Juntos, Fern\u00e1ndez dijo: \u201cCreo que el mejor resultado fue en la elecci\u00f3n anterior, en donde al no tener una dirigencia verticalista con una gesti\u00f3n, que es lo que est\u00e1 sucediendo hoy en la alianza que gobierna, y no imponer ese liderazgo, ese espacio de di\u00e1logo y de generar nuevos liderazgos, de mostrar nuevos candidatos, otra forma de hacer pol\u00edtica que se dio en las PASO, no hizo que se rompiera Juntos\u201d.<\/p>\n<p>Relacionado con los enfrentamientos cada vez m\u00e1s p\u00fablicos entre el Presidente y la vice, y su posible impacto en la institucionalidad, manifest\u00f3 que \u201cesa es una de las mayores preocupaciones y lo vemos en las cosas cotidianas, en lugares de decisi\u00f3n, de un anuncio de un tweet, a tener una resoluci\u00f3n 3, 4 o 5 d\u00edas despu\u00e9s, que despu\u00e9s digan si la toman o no la toman a nivel provincial\u201d.<\/p>\n<p>\u201cEvidentemente, no hay voluntad de di\u00e1logo, es cuesti\u00f3n de marcar una posici\u00f3n y de generar un m\u00ednimo acuerdo, bueno tengo este margen, sent\u00e9monos a ver para d\u00f3nde vamos, hasta d\u00f3nde est\u00e1 tu margen, d\u00f3nde est\u00e1 el m\u00edo y en d\u00f3nde coincidimos. No hay coincidencia directamente, si no hay di\u00e1logo. No hay manera de que haya coincidencias y representan a la mitad de la poblaci\u00f3n que te vot\u00f3, que es bastante importante, te has jactado de eso, y dijiste que ibas a hacer las cosas mucho mejor que los que estuvieron antes. Y hasta ahora ni siquiera te pudiste sentar a hablar con el que gobierna convos\u201d.<\/p>\n<p>Consultada acerca de si la situaci\u00f3n del frente se agrav\u00f3 por la pandemia, porque no pudo llevar adelante su plan, la vicepresidente del HCD mencion\u00f3 que \u201cponer la excusa de una pandemia, porque uno puede decir no pude hacer tal cosa que ten\u00eda proyectada, este era mi plan y se me cort\u00f3 ac\u00e1, hasta ahora no hemos escuchado ni el plan original, a d\u00f3nde quer\u00edan ir o cu\u00e1l era el objetivo; entonces poner la excusa es ganar tiempo de algo que vos no ten\u00edas ni la tarea hecha. Eso es lo que nos preocupa, pasaron 2 a\u00f1os, la excusa de la pandemia, que fue un shock para todos los gobiernos, en todas las instancias, pero pasaron 2 a\u00f1os, me imagino que, aunque sea en 2021, te tendr\u00eda que haber agarrado un poquito m\u00e1s acomodado, y en 2022 tambi\u00e9n, pero los n\u00fameros no lo reflejan\u201d.<\/p>\n<p><em>RENDICI\u00d3N DE CUENTAS<\/em><\/p>\n<p>Despu\u00e9s del tratamiento en el recinto del Concejo de la Rendici\u00f3n de Cuentas, Alta Data dialog\u00f3 con Marcelo Bello, presidente de la comisi\u00f3n de Hacienda y Presupuesto.<\/p>\n<p>\u201cFue aprobada por 13 a 10 votos de la minor\u00eda \u2013 Lococco se ausent\u00f3 al momento de la votaci\u00f3n \u2013\u201c, e inform\u00f3 que \u201cel super\u00e1vit rond\u00f3 en 1400 millones de pesos. Lo que demuestra una gesti\u00f3n muy honrada y que se trabaj\u00f3 muy bien en todos los n\u00fameros el a\u00f1o pasado\u201d.<\/p>\n<p>Mencion\u00f3 asimismo que en 2021 \u201cse pagaron 220 millones de pesos de deuda, obviamente que venimos trayendo de los cr\u00e9ditos que hay, o sea que fue una gesti\u00f3n s\u00faper habitar\u00eda\u201d.<\/p>\n<p>Por otro lado admiti\u00f3 que hubo compensaci\u00f3n de partidas. \u201cSiempre hay compensaci\u00f3n de partidas y m\u00e1s en un a\u00f1o con el contexto de pandemia, donde hubo que, por ejemplo, instrumentar un servicio de testeo de Covid para m\u00e1s de dos mil personas diarias, eso requiri\u00f3 un gasto adicional porque Provincia no pag\u00f3 un solo test, los pag\u00f3 todo el municipio; para eso obviamente no estaba presupuestado y hubo que reasignar dinero.<\/p>\n<p>Al preguntarle su valoraci\u00f3n de la gesti\u00f3n de Valenzuela, el concejal radical expres\u00f3, \u201cexcelente, creo que el a\u00f1o pasado se trabaj\u00f3 muy bien, pese al duro contexto de pandemia. Pensemos que se invirti\u00f3 en obra p\u00fablica, o sea que es lo que m\u00e1s nos demanda el vecino. M\u00e1s de 1500 millones de pesos, o sea que poder volcar el diecisiete por ciento del presupuesto a inversi\u00f3n directa, realmente habla de una gesti\u00f3n maravillosa, mientras en otros municipios est\u00e1n muy lejos de lograr esto\u201d.<\/p>\n","protected":false},"excerpt":{"rendered":"<p>Natalia Fern\u00e1ndez, concejal radical del Concejo Deliberante de Tres de Febrero, pas\u00f3 por los estudios de Class Fm, en el primer programa de Alta Data &#8211; mi\u00e9rcoles de 17 a 18 -. En la entrevista dej\u00f3 definiciones sobre la Rendici\u00f3n de Cuentas aprobada en dicha jornada, evalu\u00f3 la actualidad del radicalismo y carg\u00f3 contra las [&hellip;]<\/p>\n","protected":false},"author":1,"featured_media":19504,"comment_status":"closed","ping_status":"closed","sticky":false,"template":"","format":"standard","meta":{"footnotes":""},"categories":[20,48,26],"tags":[173,148,102],"class_list":{"0":"post-19499","1":"post","2":"type-post","3":"status-publish","4":"format-standard","5":"has-post-thumbnail","7":"category-municipios","8":"category-politica-argentina","9":"category-tres-de-febrero","10":"tag-juntos","11":"tag-rendicion-de-cuentas","12":"tag-ucr"},"aioseo_notices":[],"_links":{"self":[{"href":"https:\/\/guiadenoticias.com.ar\/diario\/wp-json\/wp\/v2\/posts\/19499","targetHints":{"allow":["GET"]}}],"collection":[{"href":"https:\/\/guiadenoticias.com.ar\/diario\/wp-json\/wp\/v2\/posts"}],"about":[{"href":"https:\/\/guiadenoticias.com.ar\/diario\/wp-json\/wp\/v2\/types\/post"}],"author":[{"embeddable":true,"href":"https:\/\/guiadenoticias.com.ar\/diario\/wp-json\/wp\/v2\/users\/1"}],"replies":[{"embeddable":true,"href":"https:\/\/guiadenoticias.com.ar\/diario\/wp-json\/wp\/v2\/comments?post=19499"}],"version-history":[{"count":6,"href":"https:\/\/guiadenoticias.com.ar\/diario\/wp-json\/wp\/v2\/posts\/19499\/revisions"}],"predecessor-version":[{"id":19519,"href":"https:\/\/guiadenoticias.com.ar\/diario\/wp-json\/wp\/v2\/posts\/19499\/revisions\/19519"}],"wp:featuredmedia":[{"embeddable":true,"href":"https:\/\/guiadenoticias.com.ar\/diario\/wp-json\/wp\/v2\/media\/19504"}],"wp:attachment":[{"href":"https:\/\/guiadenoticias.com.ar\/diario\/wp-json\/wp\/v2\/media?parent=19499"}],"wp:term":[{"taxonomy":"category","embeddable":true,"href":"https:\/\/guiadenoticias.com.ar\/diario\/wp-json\/wp\/v2\/categories?post=19499"},{"taxonomy":"post_tag","embeddable":true,"href":"https:\/\/guiadenoticias.com.ar\/diario\/wp-json\/wp\/v2\/tags?post=19499"}],"curies":[{"name":"wp","href":"https:\/\/api.w.org\/{rel}","templated":true}]}}