{"id":19597,"date":"2022-05-02T04:17:17","date_gmt":"2022-05-02T07:17:17","guid":{"rendered":"https:\/\/guiadenoticias.com.ar\/diario\/?p=19597"},"modified":"2022-05-08T23:40:48","modified_gmt":"2022-05-09T02:40:48","slug":"vicente-lopez-festejo-los-110-anos-de-munro","status":"publish","type":"post","link":"https:\/\/guiadenoticias.com.ar\/diario\/vicente-lopez-festejo-los-110-anos-de-munro\/","title":{"rendered":"Vicente L\u00f3pez festej\u00f3 los 110 a\u00f1os de Munro"},"content":{"rendered":"<p><strong>M\u00e1s de 50 mil personas se acercaron a festejar el 110 aniversario del barrio de Munro y disfrutaron de shows y espect\u00e1culos musicales, con los cierres de Los Charros y Dani La Chepi.<\/strong><\/p>\n<p>Desde el viernes hasta el domingo, la Avenida Mitre reuni\u00f3 diferentes propuestas para los vecinos, desde feria de las colectividades, con m\u00e1s de 40 puestos de comida para degustar platos de todo el mundo, hasta muestras al aire libre y descuentos en los comercios del barrio.<\/p>\n<p>El s\u00e1bado se dio inicio a la jornada con espect\u00e1culos de danza, propuestas infantiles como \u201cLa familia Madrigal y su show de encanto\u201d, una funci\u00f3n de folklore y la banda de Hern\u00e1n Tamanini y La Tijuana Blues. El primer d\u00eda de celebraci\u00f3n termin\u00f3 con la presentaci\u00f3n del cl\u00e1sico grupo Los Charros.<\/p>\n<p>La jornada del domingo comenz\u00f3 con un espect\u00e1culo de zamba y continu\u00f3 con covers de cumbia de Dany Silva, la presentaci\u00f3n de Calma People (ganadora del concurso Bandas de mi Barrio 2021), show de tango y la banda de rock Sandwiches de Miga. La fiesta concluy\u00f3 con la presentaci\u00f3n en vivo de Dani La Chepi,<\/p>\n","protected":false},"excerpt":{"rendered":"<p>M\u00e1s de 50 mil personas se acercaron a festejar el 110 aniversario del barrio de Munro y disfrutaron de shows y espect\u00e1culos musicales, con los cierres de Los Charros y Dani La Chepi. Desde el viernes hasta el domingo, la Avenida Mitre reuni\u00f3 diferentes propuestas para los vecinos, desde feria de las colectividades, con m\u00e1s [&hellip;]<\/p>\n","protected":false},"author":1,"featured_media":19598,"comment_status":"closed","ping_status":"closed","sticky":false,"template":"","format":"standard","meta":{"footnotes":""},"categories":[50,19,70,20],"tags":[],"class_list":{"0":"post-19597","1":"post","2":"type-post","3":"status-publish","4":"format-standard","5":"has-post-thumbnail","7":"category-cultura","8":"category-informacion-general","9":"category-las-mas-leidas","10":"category-municipios"},"aioseo_notices":[],"_links":{"self":[{"href":"https:\/\/guiadenoticias.com.ar\/diario\/wp-json\/wp\/v2\/posts\/19597","targetHints":{"allow":["GET"]}}],"collection":[{"href":"https:\/\/guiadenoticias.com.ar\/diario\/wp-json\/wp\/v2\/posts"}],"about":[{"href":"https:\/\/guiadenoticias.com.ar\/diario\/wp-json\/wp\/v2\/types\/post"}],"author":[{"embeddable":true,"href":"https:\/\/guiadenoticias.com.ar\/diario\/wp-json\/wp\/v2\/users\/1"}],"replies":[{"embeddable":true,"href":"https:\/\/guiadenoticias.com.ar\/diario\/wp-json\/wp\/v2\/comments?post=19597"}],"version-history":[{"count":1,"href":"https:\/\/guiadenoticias.com.ar\/diario\/wp-json\/wp\/v2\/posts\/19597\/revisions"}],"predecessor-version":[{"id":19599,"href":"https:\/\/guiadenoticias.com.ar\/diario\/wp-json\/wp\/v2\/posts\/19597\/revisions\/19599"}],"wp:featuredmedia":[{"embeddable":true,"href":"https:\/\/guiadenoticias.com.ar\/diario\/wp-json\/wp\/v2\/media\/19598"}],"wp:attachment":[{"href":"https:\/\/guiadenoticias.com.ar\/diario\/wp-json\/wp\/v2\/media?parent=19597"}],"wp:term":[{"taxonomy":"category","embeddable":true,"href":"https:\/\/guiadenoticias.com.ar\/diario\/wp-json\/wp\/v2\/categories?post=19597"},{"taxonomy":"post_tag","embeddable":true,"href":"https:\/\/guiadenoticias.com.ar\/diario\/wp-json\/wp\/v2\/tags?post=19597"}],"curies":[{"name":"wp","href":"https:\/\/api.w.org\/{rel}","templated":true}]}}