{"id":19608,"date":"2022-05-03T04:37:33","date_gmt":"2022-05-03T07:37:33","guid":{"rendered":"https:\/\/guiadenoticias.com.ar\/diario\/?p=19608"},"modified":"2022-05-20T03:33:03","modified_gmt":"2022-05-20T06:33:03","slug":"felipe-vallese-lanzo-su-candidatura-para-la-ciudad-autonoma","status":"publish","type":"post","link":"https:\/\/guiadenoticias.com.ar\/diario\/felipe-vallese-lanzo-su-candidatura-para-la-ciudad-autonoma\/","title":{"rendered":"Felipe Vallese lanz\u00f3 su candidatura para la Ciudad Aut\u00f3noma"},"content":{"rendered":"<p>El 1 de mayo, D\u00eda de los Trabajadores, en la localidad de Villa Gesell, por Ordenanza municipal 3089\/22 se nombr\u00f3 una plaza con la figura de Felipe Vallese, primer detenido &#8211; desaparecido de la JP, en 1962.<\/p>\n<p>Estuvieron presentes el intendente Gustavo Barrera, el secretario General de la CGT TUYU, Dami\u00e1n Comas; adem\u00e1s, acompa\u00f1aron a Felipe Vallese (h) el secretario General del Sindicato de Trabajadores Municipales de Vicente L\u00f3pez, Victorio Pirillo, autoridades, sindicatos, agrupaciones pol\u00edticas y vecinos.<\/p>\n<p>Los discursos de cada orador destacaron la figura de Vallese, pero cuando tom\u00f3 la palabra su hijo, sorprendi\u00f3 a todos los presentes al cerrar su alocuci\u00f3n con el lanzamiento de su candidatura a jefe de Gobierno de la Ciudad de Buenos Aires para el pr\u00f3ximo a\u00f1o 2023.<\/p>\n","protected":false},"excerpt":{"rendered":"<p>El 1 de mayo, D\u00eda de los Trabajadores, en la localidad de Villa Gesell, por Ordenanza municipal 3089\/22 se nombr\u00f3 una plaza con la figura de Felipe Vallese, primer detenido &#8211; desaparecido de la JP, en 1962. Estuvieron presentes el intendente Gustavo Barrera, el secretario General de la CGT TUYU, Dami\u00e1n Comas; adem\u00e1s, acompa\u00f1aron a [&hellip;]<\/p>\n","protected":false},"author":1,"featured_media":19609,"comment_status":"closed","ping_status":"closed","sticky":false,"template":"","format":"standard","meta":{"footnotes":""},"categories":[69,49,70,48,25],"tags":[],"class_list":{"0":"post-19608","1":"post","2":"type-post","3":"status-publish","4":"format-standard","5":"has-post-thumbnail","7":"category-ciudad-de-buenos-aires","8":"category-economia-y-gremiales","9":"category-las-mas-leidas","10":"category-politica-argentina","11":"category-vicente-lopez"},"aioseo_notices":[],"_links":{"self":[{"href":"https:\/\/guiadenoticias.com.ar\/diario\/wp-json\/wp\/v2\/posts\/19608","targetHints":{"allow":["GET"]}}],"collection":[{"href":"https:\/\/guiadenoticias.com.ar\/diario\/wp-json\/wp\/v2\/posts"}],"about":[{"href":"https:\/\/guiadenoticias.com.ar\/diario\/wp-json\/wp\/v2\/types\/post"}],"author":[{"embeddable":true,"href":"https:\/\/guiadenoticias.com.ar\/diario\/wp-json\/wp\/v2\/users\/1"}],"replies":[{"embeddable":true,"href":"https:\/\/guiadenoticias.com.ar\/diario\/wp-json\/wp\/v2\/comments?post=19608"}],"version-history":[{"count":1,"href":"https:\/\/guiadenoticias.com.ar\/diario\/wp-json\/wp\/v2\/posts\/19608\/revisions"}],"predecessor-version":[{"id":19610,"href":"https:\/\/guiadenoticias.com.ar\/diario\/wp-json\/wp\/v2\/posts\/19608\/revisions\/19610"}],"wp:featuredmedia":[{"embeddable":true,"href":"https:\/\/guiadenoticias.com.ar\/diario\/wp-json\/wp\/v2\/media\/19609"}],"wp:attachment":[{"href":"https:\/\/guiadenoticias.com.ar\/diario\/wp-json\/wp\/v2\/media?parent=19608"}],"wp:term":[{"taxonomy":"category","embeddable":true,"href":"https:\/\/guiadenoticias.com.ar\/diario\/wp-json\/wp\/v2\/categories?post=19608"},{"taxonomy":"post_tag","embeddable":true,"href":"https:\/\/guiadenoticias.com.ar\/diario\/wp-json\/wp\/v2\/tags?post=19608"}],"curies":[{"name":"wp","href":"https:\/\/api.w.org\/{rel}","templated":true}]}}