{"id":19622,"date":"2022-05-02T01:14:59","date_gmt":"2022-05-02T04:14:59","guid":{"rendered":"https:\/\/guiadenoticias.com.ar\/diario\/?p=19622"},"modified":"2022-05-07T01:15:58","modified_gmt":"2022-05-07T04:15:58","slug":"juan-andreotti-y-zabaleta-entregaron-60-kits-de-costura-a-emprendedores","status":"publish","type":"post","link":"https:\/\/guiadenoticias.com.ar\/diario\/juan-andreotti-y-zabaleta-entregaron-60-kits-de-costura-a-emprendedores\/","title":{"rendered":"Juan Andreotti y Zabaleta entregaron 60 kits de costura a emprendedores"},"content":{"rendered":"<p>El municipio de San Fernando, por medio del Programa \u00abBanco de Maquinarias, Herramientas y Materiales\u00bb del Ministerio de Desarrollo Social de la Naci\u00f3n, entreg\u00f3 kits \u2018Manos a la Costura\u2019 a 60 vecinas y vecinos que surgieron de un relevamiento y pertenecen a programas sociales.<\/p>\n<p>Encabezaron la entrega el intendente Juan Andreotti; el ministro de Desarrollo Social, Juan Zabaleta, y el viceministro Gustavo Aguilera; la secretaria de Desarrollo Social, Educaci\u00f3n y Medio Ambiente municipal, Eva Andreotti; y la directora nacional de Articulaci\u00f3n Social y Productiva, Romina Pereyra.<\/p>\n<p>El jefe comunal dijo, \u201cya se hicieron entregas importantes a agricultores y apicultores del Delta y a quienes se han capacitado en cocina, y entregamos ahora m\u00e1quinas para coser, telas y materiales en el marco de este programa tan importante y amplio, que llega a todos los rincones del pa\u00eds. Creo que tiene empat\u00eda porque mira a los que m\u00e1s lo necesitan y tienen ganas de salir adelante\u201d.<\/p>\n<p>\u201cNosotros tenemos dos Escuelas de Oficios y este programa complementa a la capacitaci\u00f3n y la b\u00fasqueda de trabajo\u201d, asegur\u00f3, y agreg\u00f3: \u201cEl municipio est\u00e1 construyendo un Parque Industrial de 43 hect\u00e1reas, una inversi\u00f3n para que las Pymes se puedan instalar, por eso tambi\u00e9n capacitamos a nuestros vecinos, con herramientas de trabajo\u201d.<\/p>\n<p>Por su parte, Zabaleta expres\u00f3: \u201cLlegamos a cada vecina y vecino de San Fernando con este programa, con m\u00e1s de 5 mil millones de pesos invertidos en todo el pa\u00eds y m\u00e1s de 60 mil personas que son beneficiarios de una herramienta para trabajar, mejorando su producci\u00f3n y la cadena de valor; son hombres y mujeres que generaron su propio trabajo\u201d.<\/p>\n<p>\u201cVinculamos todos los programas que tiene el Ministerio de Desarrollo Social con el trabajo formal. Hay un emergente que es la econom\u00eda social, la econom\u00eda popular que permite trabajar en este sentido, y hoy lo hacemos ac\u00e1, con mucho gusto y alegr\u00eda\u201d, concluy\u00f3 el ministro.<\/p>\n<p>A su vez, el viceministro Gustavo Aguilera coment\u00f3 que \u201ceste programa llega con una m\u00e1quina a una familia y muchas veces esa m\u00e1quina es un sue\u00f1o que parece inalcanzable. En este caso, junto al municipio de San Fernando lo hacemos posible y esto es muy importante. Hay un seguimiento de cada emprendimiento y un acompa\u00f1amiento para que no s\u00f3lo tengan la m\u00e1quina, sino sustentabilidad y rentabilidad en el tiempo. Este programa es justamente distribuir la renta que tiene el pa\u00eds en m\u00e1quinas y herramientas para quienes m\u00e1s las necesitan\u201d.<\/p>\n<p>Con entregas de \u201cBanco de Herramientas\u201d en simult\u00e1neo y a trav\u00e9s de una videoconferencia, tambi\u00e9n participaron del acto el ministro de Desarrollo Social de La Pampa, Diego \u00c1lvarez, junto con el intendente de Toay, Rodolfo \u00c1lvarez; y el intendente Emiliano Fern\u00e1ndez, de Gobernador Virasoro, Corrientes.<\/p>\n","protected":false},"excerpt":{"rendered":"<p>El municipio de San Fernando, por medio del Programa \u00abBanco de Maquinarias, Herramientas y Materiales\u00bb del Ministerio de Desarrollo Social de la Naci\u00f3n, entreg\u00f3 kits \u2018Manos a la Costura\u2019 a 60 vecinas y vecinos que surgieron de un relevamiento y pertenecen a programas sociales. Encabezaron la entrega el intendente Juan Andreotti; el ministro de Desarrollo [&hellip;]<\/p>\n","protected":false},"author":1,"featured_media":19623,"comment_status":"closed","ping_status":"closed","sticky":false,"template":"","format":"standard","meta":{"footnotes":""},"categories":[20,22],"tags":[76,84,172],"class_list":{"0":"post-19622","1":"post","2":"type-post","3":"status-publish","4":"format-standard","5":"has-post-thumbnail","7":"category-municipios","8":"category-san-fernando","9":"tag-juan-andreotti","10":"tag-juan-zabaleta","11":"tag-trabajo"},"aioseo_notices":[],"_links":{"self":[{"href":"https:\/\/guiadenoticias.com.ar\/diario\/wp-json\/wp\/v2\/posts\/19622","targetHints":{"allow":["GET"]}}],"collection":[{"href":"https:\/\/guiadenoticias.com.ar\/diario\/wp-json\/wp\/v2\/posts"}],"about":[{"href":"https:\/\/guiadenoticias.com.ar\/diario\/wp-json\/wp\/v2\/types\/post"}],"author":[{"embeddable":true,"href":"https:\/\/guiadenoticias.com.ar\/diario\/wp-json\/wp\/v2\/users\/1"}],"replies":[{"embeddable":true,"href":"https:\/\/guiadenoticias.com.ar\/diario\/wp-json\/wp\/v2\/comments?post=19622"}],"version-history":[{"count":1,"href":"https:\/\/guiadenoticias.com.ar\/diario\/wp-json\/wp\/v2\/posts\/19622\/revisions"}],"predecessor-version":[{"id":19624,"href":"https:\/\/guiadenoticias.com.ar\/diario\/wp-json\/wp\/v2\/posts\/19622\/revisions\/19624"}],"wp:featuredmedia":[{"embeddable":true,"href":"https:\/\/guiadenoticias.com.ar\/diario\/wp-json\/wp\/v2\/media\/19623"}],"wp:attachment":[{"href":"https:\/\/guiadenoticias.com.ar\/diario\/wp-json\/wp\/v2\/media?parent=19622"}],"wp:term":[{"taxonomy":"category","embeddable":true,"href":"https:\/\/guiadenoticias.com.ar\/diario\/wp-json\/wp\/v2\/categories?post=19622"},{"taxonomy":"post_tag","embeddable":true,"href":"https:\/\/guiadenoticias.com.ar\/diario\/wp-json\/wp\/v2\/tags?post=19622"}],"curies":[{"name":"wp","href":"https:\/\/api.w.org\/{rel}","templated":true}]}}