{"id":19644,"date":"2022-05-12T03:29:30","date_gmt":"2022-05-12T06:29:30","guid":{"rendered":"https:\/\/guiadenoticias.com.ar\/diario\/?p=19644"},"modified":"2022-05-20T03:30:00","modified_gmt":"2022-05-20T06:30:00","slug":"valenzuela-el-estado-no-puede-representar-los-intereses-de-la-politica","status":"publish","type":"post","link":"https:\/\/guiadenoticias.com.ar\/diario\/valenzuela-el-estado-no-puede-representar-los-intereses-de-la-politica\/","title":{"rendered":"Valenzuela: \u201cEl Estado no puede representar los intereses de la pol\u00edtica\u201d"},"content":{"rendered":"<p>Un informe televisivo sac\u00f3 a la luz un hecho inaudito: desde la sede del ANSES de Tres de Febrero env\u00edan a los vecinos a realizar tr\u00e1mites a La Casa de Todos, una unidad b\u00e1sica de La C\u00e1mpora que est\u00e1 a metros de la Municipalidad.<\/p>\n<p>El intendente Diego Valenzuela realiz\u00f3 un fuerte descargo en sus redes sociales luego de que un informe period\u00edstico demostrara que en la Casa de Todos, donde se encuentra la sede central de La C\u00e1mpora en el distrito, se utilizan recursos del Estado para hacer pol\u00edtica partidaria. \u201cVoy a exigir que se esclarezca lo sucedido y se determinen responsables. Le pido a la directora de Anses, Fernanda Raverta, que tome decisiones urgentes para detener estas pr\u00e1cticas nefastas y cortar los v\u00ednculos de la oficina de Caseros con toda acci\u00f3n partidaria en nuestro municipio\u201d, expres\u00f3.<\/p>\n<p>Adem\u00e1s, remarc\u00f3 que utilizar los recursos que pertenecen a toda la comunidad a favor del Frente de Todos y para la gesti\u00f3n de los punteros es alejarse de la sociedad y de los problemas reales que tienen hoy los argentinos. \u201cDesde que asum\u00ed como intendente encare un cambio cultural profundo, decidimos sacar a todos los tramit\u00f3logos para transparentar los tr\u00e1mites y servicios municipales\u201d. Y agreg\u00f3, \u201cno podemos tolerar que se abusen de los derechos de los que menos tienen y que los manipulen para beneficiar sus intereses pol\u00edticos\u201d.<\/p>\n<p>Tambi\u00e9n, Valenzuela destac\u00f3 la importancia que tiene para \u00e9l trabajar todos los d\u00edas por un Estado mejor, que gestione correctamente los recursos y busque potenciar la calidad de vida de los vecinos. \u201cPara nosotros, el Estado no puede representar los intereses de la pol\u00edtica. S\u00f3lo haciendo las cosas bien se mejora la vida de los vecinos. Nada nos va a detener para construir el Tres de Febrero que so\u00f1amos desde 2015\u201d, reflexion\u00f3.<\/p>\n","protected":false},"excerpt":{"rendered":"<p>Un informe televisivo sac\u00f3 a la luz un hecho inaudito: desde la sede del ANSES de Tres de Febrero env\u00edan a los vecinos a realizar tr\u00e1mites a La Casa de Todos, una unidad b\u00e1sica de La C\u00e1mpora que est\u00e1 a metros de la Municipalidad. El intendente Diego Valenzuela realiz\u00f3 un fuerte descargo en sus redes [&hellip;]<\/p>\n","protected":false},"author":1,"featured_media":16604,"comment_status":"closed","ping_status":"closed","sticky":false,"template":"","format":"standard","meta":{"footnotes":""},"categories":[20,48,26],"tags":[170,72,104],"class_list":{"0":"post-19644","1":"post","2":"type-post","3":"status-publish","4":"format-standard","5":"has-post-thumbnail","7":"category-municipios","8":"category-politica-argentina","9":"category-tres-de-febrero","10":"tag-anses","11":"tag-diego-valenzuela","12":"tag-frente-de-todos"},"aioseo_notices":[],"_links":{"self":[{"href":"https:\/\/guiadenoticias.com.ar\/diario\/wp-json\/wp\/v2\/posts\/19644","targetHints":{"allow":["GET"]}}],"collection":[{"href":"https:\/\/guiadenoticias.com.ar\/diario\/wp-json\/wp\/v2\/posts"}],"about":[{"href":"https:\/\/guiadenoticias.com.ar\/diario\/wp-json\/wp\/v2\/types\/post"}],"author":[{"embeddable":true,"href":"https:\/\/guiadenoticias.com.ar\/diario\/wp-json\/wp\/v2\/users\/1"}],"replies":[{"embeddable":true,"href":"https:\/\/guiadenoticias.com.ar\/diario\/wp-json\/wp\/v2\/comments?post=19644"}],"version-history":[{"count":1,"href":"https:\/\/guiadenoticias.com.ar\/diario\/wp-json\/wp\/v2\/posts\/19644\/revisions"}],"predecessor-version":[{"id":19645,"href":"https:\/\/guiadenoticias.com.ar\/diario\/wp-json\/wp\/v2\/posts\/19644\/revisions\/19645"}],"wp:featuredmedia":[{"embeddable":true,"href":"https:\/\/guiadenoticias.com.ar\/diario\/wp-json\/wp\/v2\/media\/16604"}],"wp:attachment":[{"href":"https:\/\/guiadenoticias.com.ar\/diario\/wp-json\/wp\/v2\/media?parent=19644"}],"wp:term":[{"taxonomy":"category","embeddable":true,"href":"https:\/\/guiadenoticias.com.ar\/diario\/wp-json\/wp\/v2\/categories?post=19644"},{"taxonomy":"post_tag","embeddable":true,"href":"https:\/\/guiadenoticias.com.ar\/diario\/wp-json\/wp\/v2\/tags?post=19644"}],"curies":[{"name":"wp","href":"https:\/\/api.w.org\/{rel}","templated":true}]}}