{"id":19650,"date":"2022-05-19T03:48:24","date_gmt":"2022-05-19T06:48:24","guid":{"rendered":"https:\/\/guiadenoticias.com.ar\/diario\/?p=19650"},"modified":"2022-05-27T22:18:48","modified_gmt":"2022-05-28T01:18:48","slug":"kicillof-y-ghi-despidieron-a-comitivas-de-viajes-de-estudiantes","status":"publish","type":"post","link":"https:\/\/guiadenoticias.com.ar\/diario\/kicillof-y-ghi-despidieron-a-comitivas-de-viajes-de-estudiantes\/","title":{"rendered":"Kicillof y Ghi despidieron a comitivas de viajes de estudiantes"},"content":{"rendered":"<p>El intendente de Mor\u00f3n, Lucas Ghi, y el gobernador de Buenos Aires, Axel Kicillof, junto con el ministro de Producci\u00f3n, Ciencia e Innovaci\u00f3n Tecnol\u00f3gica de la Provincia, Augusto Costa, el presidente de ACUMAR, Mart\u00edn Sabbatella, y la diputada nacional M\u00f3nica Macha, despidieron a estudiantes que iniciaban su viaje de fin de curso desde la Terminal de \u00d3mnibus de Mor\u00f3n hacia Mar del Plata.<\/p>\n<p>Luego, el jefe comunal recibi\u00f3 a otro contingente de estudiantes de escuelas de Mor\u00f3n, que regresaban de la ciudad balnearia, en el marco del mismo programa. En el distrito participan de la iniciativa 43 colegios secundarios.<\/p>\n<p>Los y las j\u00f3venes se suman al programa bonaerense Viaje de Fin de Curso que cubre los gastos de alojamiento, traslados, comidas y seguro, en el \u00faltimo a\u00f1o de secundaria en escuelas de gesti\u00f3n estatal y privada. Adem\u00e1s, los viajes, financiados por la provincia de Buenos Aires, permiten impulsar el turismo, extender la temporada, reactivar la econom\u00eda y potenciar la inclusi\u00f3n de m\u00e1s de 220 mil estudiantes.<\/p>\n<p>Ghi agradeci\u00f3 a \u201ctodas las familias que decidieron ser protagonistas de esta experiencia recreativa, formativa y de crecimiento, despu\u00e9s de dos a\u00f1os dif\u00edciles en los que tuvieron que atravesar postergaciones debido a la pandemia\u201d. \u201cDe esta forma, la provincia de Buenos Aires est\u00e1 reconociendo el enorme esfuerzo que realizaron los j\u00f3venes bonaerenses\u201d, indic\u00f3.<\/p>\n<p>En ese contexto, el gobernador detall\u00f3 que \u201cel viaje de fin de curso es para que los y las estudiantes disfruten, cierren un ciclo y empiecen a pensar en el futuro\u201d. \u201cCon esta iniciativa, estamos acompa\u00f1ando tambi\u00e9n al turismo bonaerense, que fue otro de los sectores que se vio m\u00e1s golpeado por la pandemia\u201d, a\u00f1adi\u00f3.<\/p>\n<p>Por su parte, Costa expres\u00f3: \u201cCada vez que venimos a despedir a un contingente que se va de viaje hacemos un reconocimiento a un mont\u00f3n de pibas y pibes que terminaron el secundario en las peores condiciones como consecuencia de la pandemia\u201d. Y mencion\u00f3 que \u201cpara la Provincia es algo hermoso, que entrega y reconoce un derecho, y al mismo tiempo le da posibilidades a un sector como el tur\u00edstico para que pueda generar empleo e ingresos por fuera de la temporada alta\u201d.<\/p>\n","protected":false},"excerpt":{"rendered":"<p>El intendente de Mor\u00f3n, Lucas Ghi, y el gobernador de Buenos Aires, Axel Kicillof, junto con el ministro de Producci\u00f3n, Ciencia e Innovaci\u00f3n Tecnol\u00f3gica de la Provincia, Augusto Costa, el presidente de ACUMAR, Mart\u00edn Sabbatella, y la diputada nacional M\u00f3nica Macha, despidieron a estudiantes que iniciaban su viaje de fin de curso desde la Terminal [&hellip;]<\/p>\n","protected":false},"author":1,"featured_media":19651,"comment_status":"closed","ping_status":"closed","sticky":false,"template":"","format":"standard","meta":{"footnotes":""},"categories":[70,28,20],"tags":[83,73,93],"class_list":{"0":"post-19650","1":"post","2":"type-post","3":"status-publish","4":"format-standard","5":"has-post-thumbnail","7":"category-las-mas-leidas","8":"category-moron","9":"category-municipios","10":"tag-axel-kicillof","11":"tag-lucas-ghi","12":"tag-martin-sabbatella"},"aioseo_notices":[],"_links":{"self":[{"href":"https:\/\/guiadenoticias.com.ar\/diario\/wp-json\/wp\/v2\/posts\/19650","targetHints":{"allow":["GET"]}}],"collection":[{"href":"https:\/\/guiadenoticias.com.ar\/diario\/wp-json\/wp\/v2\/posts"}],"about":[{"href":"https:\/\/guiadenoticias.com.ar\/diario\/wp-json\/wp\/v2\/types\/post"}],"author":[{"embeddable":true,"href":"https:\/\/guiadenoticias.com.ar\/diario\/wp-json\/wp\/v2\/users\/1"}],"replies":[{"embeddable":true,"href":"https:\/\/guiadenoticias.com.ar\/diario\/wp-json\/wp\/v2\/comments?post=19650"}],"version-history":[{"count":1,"href":"https:\/\/guiadenoticias.com.ar\/diario\/wp-json\/wp\/v2\/posts\/19650\/revisions"}],"predecessor-version":[{"id":19652,"href":"https:\/\/guiadenoticias.com.ar\/diario\/wp-json\/wp\/v2\/posts\/19650\/revisions\/19652"}],"wp:featuredmedia":[{"embeddable":true,"href":"https:\/\/guiadenoticias.com.ar\/diario\/wp-json\/wp\/v2\/media\/19651"}],"wp:attachment":[{"href":"https:\/\/guiadenoticias.com.ar\/diario\/wp-json\/wp\/v2\/media?parent=19650"}],"wp:term":[{"taxonomy":"category","embeddable":true,"href":"https:\/\/guiadenoticias.com.ar\/diario\/wp-json\/wp\/v2\/categories?post=19650"},{"taxonomy":"post_tag","embeddable":true,"href":"https:\/\/guiadenoticias.com.ar\/diario\/wp-json\/wp\/v2\/tags?post=19650"}],"curies":[{"name":"wp","href":"https:\/\/api.w.org\/{rel}","templated":true}]}}