{"id":19782,"date":"2022-06-10T23:26:40","date_gmt":"2022-06-11T02:26:40","guid":{"rendered":"https:\/\/guiadenoticias.com.ar\/diario\/?p=19782"},"modified":"2022-06-12T23:27:19","modified_gmt":"2022-06-13T02:27:19","slug":"kicillof-y-moreira-compartieron-jornada-por-los-derechos-de-las-infancias","status":"publish","type":"post","link":"https:\/\/guiadenoticias.com.ar\/diario\/kicillof-y-moreira-compartieron-jornada-por-los-derechos-de-las-infancias\/","title":{"rendered":"Kicillof  y Moreira compartieron jornada por los derechos de las infancias"},"content":{"rendered":"<p>El intendente de San Mart\u00edn, Fernando Moreira, y el gobernador de Buenos Aires, Axel Kicillof, compartieron una jornada de actividades infantiles en la Biblioteca Popular La Carcova, en el marco del D\u00eda Mundial contra el Trabajo Infantil que se conmemora el 12 de junio.<\/p>\n<p>En ese marco, el gobernador sostuvo: \u201cEl trabajo infantil es un s\u00edntoma de situaciones muy injustas, impedirlo es una obligaci\u00f3n del Estado y, para eso, lo m\u00e1s importante es atacar los problemas estructurales que los generan. No lo vamos a solucionar s\u00f3lo con la fiscalizaci\u00f3n y multando, sino con la erradicaci\u00f3n de la pobreza, de la falta de inclusi\u00f3n social y los problemas de distribuci\u00f3n del ingreso\u201d.<\/p>\n<p>Remarc\u00f3 asimismo que \u201cel Estado tiene que estar all\u00ed donde hay necesidades para perseguir la justicia social. Tenemos que trabajar para distribuir, incluir y brindar igualdad de oportunidades; nadie puede estar condenado por el lugar donde naci\u00f3 a no tener trabajo\u201d.<\/p>\n<p>En ese sentido, el jefe comunal destac\u00f3: \u201cEl objetivo de este encuentro es generar un nodo de organizaciones en el barrio, que nos permita avanzar en la lucha contra el trabajo infantil y ampliar las pol\u00edticas p\u00fablicas para el desarrollo integral de los ni\u00f1os, ni\u00f1as y adolescentes. Queremos que disfruten, jueguen y tengan una infancia feliz\u201d.<\/p>\n<p>Y agreg\u00f3, \u201carticulamos junto con Provincia, Naci\u00f3n y las organizaciones sociales para tener m\u00e1s infraestructura de cuidado, m\u00e1s escuelas, m\u00e1s espacios deportivos y culturales, en cada uno de los barrios, que son los lugares donde queremos que est\u00e9n los pibes, no en la calle o trabajando.\u201d<\/p>\n<p>Tambi\u00e9n estuvieron presentes la ministra de Trabajo bonaerense, Mara Ru\u00edz Malec; el ministro de Desarrollo de la Comunidad, Andr\u00e9s Larroque; el Padre Pepe; la secretaria de Mujeres, G\u00e9neros e Infancias de San Mart\u00edn, Marcela Ferri; la secretaria para la Integraci\u00f3n Cultural, Educativa y Deportiva, Nancy Cappelloni, junto al equipo del \u00e1rea de Infancias.<\/p>\n<p>La \u201ckerm\u00e9s por infancias y adolescencias plenas y cuidadas\u201d incluy\u00f3 juegos, una radio abierta, circo, pintada de murales, carpas de vacunaci\u00f3n antigripal y contra el Covid-19; adem\u00e1s de postas del espacio Juventudes, ANSES, Empleo Joven y acceso al DNI para las familias del barrio.<\/p>\n<p>Junto con la biblioteca se construye un espacio comunitario a trav\u00e9s del Plan Estrat\u00e9gico de Obras, que incluye playones deportivos, cancha de c\u00e9sped, patio de juegos infantiles, senderos aer\u00f3bicos y equipamiento urbano, con financiamiento del gobierno nacional.<\/p>\n<p>La jornada fue organizada por las Comisiones Provinciales para la Prevenci\u00f3n y Erradicaci\u00f3n del Trabajo Infantil, el municipio de San Mart\u00edn, la Biblioteca Popular La Carcova, la Parroquia San Juan Bosco, el Comedor Por los Ni\u00f1os y CPC El Progreso.<\/p>\n","protected":false},"excerpt":{"rendered":"<p>El intendente de San Mart\u00edn, Fernando Moreira, y el gobernador de Buenos Aires, Axel Kicillof, compartieron una jornada de actividades infantiles en la Biblioteca Popular La Carcova, en el marco del D\u00eda Mundial contra el Trabajo Infantil que se conmemora el 12 de junio. En ese marco, el gobernador sostuvo: \u201cEl trabajo infantil es un [&hellip;]<\/p>\n","protected":false},"author":1,"featured_media":19783,"comment_status":"closed","ping_status":"closed","sticky":false,"template":"","format":"standard","meta":{"footnotes":""},"categories":[20,24],"tags":[83,74],"class_list":{"0":"post-19782","1":"post","2":"type-post","3":"status-publish","4":"format-standard","5":"has-post-thumbnail","7":"category-municipios","8":"category-san-martin","9":"tag-axel-kicillof","10":"tag-fernando-moreira"},"aioseo_notices":[],"_links":{"self":[{"href":"https:\/\/guiadenoticias.com.ar\/diario\/wp-json\/wp\/v2\/posts\/19782","targetHints":{"allow":["GET"]}}],"collection":[{"href":"https:\/\/guiadenoticias.com.ar\/diario\/wp-json\/wp\/v2\/posts"}],"about":[{"href":"https:\/\/guiadenoticias.com.ar\/diario\/wp-json\/wp\/v2\/types\/post"}],"author":[{"embeddable":true,"href":"https:\/\/guiadenoticias.com.ar\/diario\/wp-json\/wp\/v2\/users\/1"}],"replies":[{"embeddable":true,"href":"https:\/\/guiadenoticias.com.ar\/diario\/wp-json\/wp\/v2\/comments?post=19782"}],"version-history":[{"count":1,"href":"https:\/\/guiadenoticias.com.ar\/diario\/wp-json\/wp\/v2\/posts\/19782\/revisions"}],"predecessor-version":[{"id":19784,"href":"https:\/\/guiadenoticias.com.ar\/diario\/wp-json\/wp\/v2\/posts\/19782\/revisions\/19784"}],"wp:featuredmedia":[{"embeddable":true,"href":"https:\/\/guiadenoticias.com.ar\/diario\/wp-json\/wp\/v2\/media\/19783"}],"wp:attachment":[{"href":"https:\/\/guiadenoticias.com.ar\/diario\/wp-json\/wp\/v2\/media?parent=19782"}],"wp:term":[{"taxonomy":"category","embeddable":true,"href":"https:\/\/guiadenoticias.com.ar\/diario\/wp-json\/wp\/v2\/categories?post=19782"},{"taxonomy":"post_tag","embeddable":true,"href":"https:\/\/guiadenoticias.com.ar\/diario\/wp-json\/wp\/v2\/tags?post=19782"}],"curies":[{"name":"wp","href":"https:\/\/api.w.org\/{rel}","templated":true}]}}