{"id":19800,"date":"2022-06-17T03:58:28","date_gmt":"2022-06-17T06:58:28","guid":{"rendered":"https:\/\/guiadenoticias.com.ar\/diario\/?p=19800"},"modified":"2022-06-22T03:58:56","modified_gmt":"2022-06-22T06:58:56","slug":"cambio-de-fisonomia-de-la-estacion-el-palomar","status":"publish","type":"post","link":"https:\/\/guiadenoticias.com.ar\/diario\/cambio-de-fisonomia-de-la-estacion-el-palomar\/","title":{"rendered":"Cambio de fisonom\u00eda de la estaci\u00f3n El Palomar"},"content":{"rendered":"<p>Con la presencia de autoridades nacionales, provinciales y distritales, se llev\u00f3 adelante el acto inaugural de las nuevas obras en la estaci\u00f3n El Palomar del Ferrocarril San Mart\u00edn, que consta de la construcci\u00f3n de un nuevo m\u00f3dulo de acceso al and\u00e9n descendente, equipado con molinetes, ba\u00f1o para personas con movilidad reducida, pantalla de informaci\u00f3n y oficina para el personal; tambi\u00e9n construyeron un cruce peatonal y realizaron diversas intervenciones en dicha \u00e1rea.<\/p>\n<p>Participaron en el acto el ministro de Transporte de la Naci\u00f3n, Alexis Guerrera; el ministro de Transporte de Buenos Aires, Jorge D\u2019Onofrio; el presidente de Trenes Argentinos, Mart\u00edn Marinucci; y los intendentes de Tres de Febrero, Diego Valenzuela, y de Mor\u00f3n, Lucas Ghi.<\/p>\n<p>Adem\u00e1s, dijeron presente concejales del bloque de Frente de Todos de ambos distritos, entre ellos, el titular de FdT local, Juan Debandi, y el presidente del HCD de Mor\u00f3n, Marcelo Gonz\u00e1lez. Como dato, sobre el palco montado para la ocasi\u00f3n estuvo Jimena Bondaruk, concejala massista de Tres de Febrero y gerenta de G\u00e9nero y Diversidad en Trenes Argentinos.<\/p>\n<p>Los funcionarios del FdT y de Juntos recorrieron las obras y luego lleg\u00f3 el turno de los discursos. El ministro Guerrera declar\u00f3, \u201choy estamos para celebrar un paso en la calidad de vida de los vecinos. El tren es, tal vez, el pilar fundamental del transporte p\u00fablico, por eso hemos intervenido ya en m\u00e1s de 20 estaciones, poni\u00e9ndolas en condiciones, con acceso para personas con capacidades diferentes, con mejor seguridad, mejor iluminaci\u00f3n, con acceso a ba\u00f1os p\u00fablicos, en calidad, dignos, para que el trabajador se sienta cuidado y, fundamentalmente, respetado por el Estado\u201d.<\/p>\n<p>Por otra parte destac\u00f3 la implementaci\u00f3n del programa \u201cTrenes seguros\u201d a trav\u00e9s de c\u00e1maras de seguridad, botones antip\u00e1nico, iluminaci\u00f3n y paradas seguras, no s\u00f3lo para casos de delito, sino tambi\u00e9n para emergencias de salud.<\/p>\n<p>El moronense Mart\u00edn Marinucci destac\u00f3, \u201cque estemos junto con Diego, como me toca a m\u00ed estar en muchas inauguraciones, con intendentes de distintos signos pol\u00edticos, demuestra que hay pol\u00edticas de Estado que hay que sostenerlas dejando al margen la ideolog\u00eda pol\u00edtica. Que la pol\u00edtica ferroviaria tiene que estar discutida en la mesa con todos los sectores, todos los actores de la pol\u00edtica, y entender que el servicio p\u00fablico de transporte es un derecho que hay que garantizarle a los argentinos y argentinas. Es el compromiso de los hombres que tenemos vocaci\u00f3n pol\u00edtica, que nos tocan responsabilidades en la gesti\u00f3n, de avanzar para que eso suceda\u201d.<\/p>\n<p>En la misma l\u00ednea, D\u2019Onofrio sostuvo: \u201cLa gente que tiene que movilizarse por trabajo, por estudio o por esparcimiento, por la raz\u00f3n que fuera, lo tiene que hacer de manera segura, c\u00f3moda y de manera agradable, porque es un derecho y los derechos hay que satisfacerlos\u201d. Luego agradeci\u00f3 a los trabajadores que hicieron posible la obra y a los trabajadores que mantienen su funcionamiento y preservan la comodidad y la seguridad de todas las personas que utilizan el servicio.<\/p>\n<p>En cuanto a las palabras de los jefes comunales, Valenzuela dijo, \u201ces un orgullo recorrer esta nueva entrada a la estaci\u00f3n de El Palomar en lo que fue un trabajo en equipo entre el gobierno nacional, provincial y municipal. Quiero agradecer al ministro Guerrera y a todo su equipo por la planificaci\u00f3n y por tener en cuenta la mirada de los intendentes, del territorio, con obras que mejoran el entorno y potencian la zona en beneficio de todos los vecinos y vecinas\u201d.<\/p>\n<p>Tambi\u00e9n detall\u00f3 que la obra continuar\u00e1 con la renovaci\u00f3n de la calle Rosetti, donde se reordenar\u00e1 el tr\u00e1nsito, los espacios de estacionamiento y sumar\u00e1n nueva luminaria.<\/p>\n<p>Por su parte, el intendente Ghi mencion\u00f3 que \u201cno se puede dejar de reconocer la decisi\u00f3n del Presidente, del gobernador, de seguir impactando en algo tan sensible como el transporte, y ese es el compromiso que tenemos desde los territorios. Complementar con acciones que vayan en esa direcci\u00f3n, en definitiva, para lograr el prop\u00f3sito que es mejorarle un poquito todos los d\u00edas, la calidad de vida a nuestra gente\u201d.<\/p>\n","protected":false},"excerpt":{"rendered":"<p>Con la presencia de autoridades nacionales, provinciales y distritales, se llev\u00f3 adelante el acto inaugural de las nuevas obras en la estaci\u00f3n El Palomar del Ferrocarril San Mart\u00edn, que consta de la construcci\u00f3n de un nuevo m\u00f3dulo de acceso al and\u00e9n descendente, equipado con molinetes, ba\u00f1o para personas con movilidad reducida, pantalla de informaci\u00f3n y [&hellip;]<\/p>\n","protected":false},"author":1,"featured_media":19801,"comment_status":"closed","ping_status":"closed","sticky":false,"template":"","format":"standard","meta":{"footnotes":""},"categories":[19,20,48],"tags":[72,73,210,164],"class_list":{"0":"post-19800","1":"post","2":"type-post","3":"status-publish","4":"format-standard","5":"has-post-thumbnail","7":"category-informacion-general","8":"category-municipios","9":"category-politica-argentina","10":"tag-diego-valenzuela","11":"tag-lucas-ghi","12":"tag-martin-marinucci","13":"tag-transporte"},"aioseo_notices":[],"_links":{"self":[{"href":"https:\/\/guiadenoticias.com.ar\/diario\/wp-json\/wp\/v2\/posts\/19800","targetHints":{"allow":["GET"]}}],"collection":[{"href":"https:\/\/guiadenoticias.com.ar\/diario\/wp-json\/wp\/v2\/posts"}],"about":[{"href":"https:\/\/guiadenoticias.com.ar\/diario\/wp-json\/wp\/v2\/types\/post"}],"author":[{"embeddable":true,"href":"https:\/\/guiadenoticias.com.ar\/diario\/wp-json\/wp\/v2\/users\/1"}],"replies":[{"embeddable":true,"href":"https:\/\/guiadenoticias.com.ar\/diario\/wp-json\/wp\/v2\/comments?post=19800"}],"version-history":[{"count":1,"href":"https:\/\/guiadenoticias.com.ar\/diario\/wp-json\/wp\/v2\/posts\/19800\/revisions"}],"predecessor-version":[{"id":19802,"href":"https:\/\/guiadenoticias.com.ar\/diario\/wp-json\/wp\/v2\/posts\/19800\/revisions\/19802"}],"wp:featuredmedia":[{"embeddable":true,"href":"https:\/\/guiadenoticias.com.ar\/diario\/wp-json\/wp\/v2\/media\/19801"}],"wp:attachment":[{"href":"https:\/\/guiadenoticias.com.ar\/diario\/wp-json\/wp\/v2\/media?parent=19800"}],"wp:term":[{"taxonomy":"category","embeddable":true,"href":"https:\/\/guiadenoticias.com.ar\/diario\/wp-json\/wp\/v2\/categories?post=19800"},{"taxonomy":"post_tag","embeddable":true,"href":"https:\/\/guiadenoticias.com.ar\/diario\/wp-json\/wp\/v2\/tags?post=19800"}],"curies":[{"name":"wp","href":"https:\/\/api.w.org\/{rel}","templated":true}]}}