{"id":19812,"date":"2022-06-16T01:44:55","date_gmt":"2022-06-16T04:44:55","guid":{"rendered":"https:\/\/guiadenoticias.com.ar\/diario\/?p=19812"},"modified":"2022-06-23T01:52:37","modified_gmt":"2022-06-23T04:52:37","slug":"moreira-y-augusto-costa-presentaron-el-programa-produccion-bonaerense","status":"publish","type":"post","link":"https:\/\/guiadenoticias.com.ar\/diario\/moreira-y-augusto-costa-presentaron-el-programa-produccion-bonaerense\/","title":{"rendered":"Moreira y Augusto Costa presentaron el programa Producci\u00f3n Bonaerense"},"content":{"rendered":"<p>El intendente de San Mart\u00edn, Fernando Moreira, y el ministro de Producci\u00f3n, Ciencia y Tecnolog\u00eda de Buenos Aires, Augusto Costa, lanzaron el programa Producci\u00f3n Bonaerense, para favorecer la comercializaci\u00f3n de productos elaborados por Pymes y cooperativas locales.<\/p>\n<p>Durante la presentaci\u00f3n, el jefe comunal ponder\u00f3: \u201cEs un programa muy importante, que le permitir\u00e1 a las Pymes tener mayor capacidad de comercializaci\u00f3n, ser m\u00e1s competitivas y, al mismo tiempo, llevar al mercado ofertas m\u00e1s convenientes para las vecinas y los vecinos, para ayudar a combatir la inflaci\u00f3n\u201d.<\/p>\n<p>Y agreg\u00f3 que \u201cse articula con otras herramientas que venimos trabajando entre todos los niveles de Estado, con el objetivo que las pol\u00edticas sean m\u00e1s eficaces y eficientes para un sector que crece d\u00eda a d\u00eda\u201d.<\/p>\n<p>Por su parte, Costa se\u00f1al\u00f3, \u201cqueremos acompa\u00f1ar a las peque\u00f1as empresas y cooperativas de San Mart\u00edn para que puedan comercializar sus productos de una mejor manera, visibilizarlos en las g\u00f3ndolas de las cadenas de supermercados y aportarles beneficios que les permitan ir resolviendo distintas cuestiones en este proceso de recuperaci\u00f3n econ\u00f3mica\u201d.<\/p>\n<p>El programa Producci\u00f3n Bonaerense se enmarca en la Ley Nacional de G\u00f3ndolas y ofrece distintas herramientas como capacitaciones; microcr\u00e9ditos a tasa subsidiada para ampliar la capacidad productiva; acceso a un a\u00f1o gratuito de c\u00f3digos de barra y tecnolog\u00eda EDI; descuentos en RNE y RPA por parte del Ministerio de Desarrollo Agrario de Provincia; inclusi\u00f3n en el cat\u00e1logo de productores bonaerenses; posibilidad de asociaci\u00f3n tecnol\u00f3gica para proyectos de innovaci\u00f3n, entre otras.<\/p>\n<p>En ese sentido, Moreira y Costa firmaron un convenio para fortalecer la difusi\u00f3n del programa en San Mart\u00edn, colaborar en la se\u00f1alizaci\u00f3n de los productos en las g\u00f3ndolas y garantizar su cumplimiento por parte de los comercios.<\/p>\n","protected":false},"excerpt":{"rendered":"<p>El intendente de San Mart\u00edn, Fernando Moreira, y el ministro de Producci\u00f3n, Ciencia y Tecnolog\u00eda de Buenos Aires, Augusto Costa, lanzaron el programa Producci\u00f3n Bonaerense, para favorecer la comercializaci\u00f3n de productos elaborados por Pymes y cooperativas locales. Durante la presentaci\u00f3n, el jefe comunal ponder\u00f3: \u201cEs un programa muy importante, que le permitir\u00e1 a las Pymes [&hellip;]<\/p>\n","protected":false},"author":1,"featured_media":19819,"comment_status":"closed","ping_status":"closed","sticky":false,"template":"","format":"standard","meta":{"footnotes":""},"categories":[20,24],"tags":[74,125],"class_list":{"0":"post-19812","1":"post","2":"type-post","3":"status-publish","4":"format-standard","5":"has-post-thumbnail","7":"category-municipios","8":"category-san-martin","9":"tag-fernando-moreira","10":"tag-pymes"},"aioseo_notices":[],"_links":{"self":[{"href":"https:\/\/guiadenoticias.com.ar\/diario\/wp-json\/wp\/v2\/posts\/19812","targetHints":{"allow":["GET"]}}],"collection":[{"href":"https:\/\/guiadenoticias.com.ar\/diario\/wp-json\/wp\/v2\/posts"}],"about":[{"href":"https:\/\/guiadenoticias.com.ar\/diario\/wp-json\/wp\/v2\/types\/post"}],"author":[{"embeddable":true,"href":"https:\/\/guiadenoticias.com.ar\/diario\/wp-json\/wp\/v2\/users\/1"}],"replies":[{"embeddable":true,"href":"https:\/\/guiadenoticias.com.ar\/diario\/wp-json\/wp\/v2\/comments?post=19812"}],"version-history":[{"count":1,"href":"https:\/\/guiadenoticias.com.ar\/diario\/wp-json\/wp\/v2\/posts\/19812\/revisions"}],"predecessor-version":[{"id":19814,"href":"https:\/\/guiadenoticias.com.ar\/diario\/wp-json\/wp\/v2\/posts\/19812\/revisions\/19814"}],"wp:featuredmedia":[{"embeddable":true,"href":"https:\/\/guiadenoticias.com.ar\/diario\/wp-json\/wp\/v2\/media\/19819"}],"wp:attachment":[{"href":"https:\/\/guiadenoticias.com.ar\/diario\/wp-json\/wp\/v2\/media?parent=19812"}],"wp:term":[{"taxonomy":"category","embeddable":true,"href":"https:\/\/guiadenoticias.com.ar\/diario\/wp-json\/wp\/v2\/categories?post=19812"},{"taxonomy":"post_tag","embeddable":true,"href":"https:\/\/guiadenoticias.com.ar\/diario\/wp-json\/wp\/v2\/tags?post=19812"}],"curies":[{"name":"wp","href":"https:\/\/api.w.org\/{rel}","templated":true}]}}