{"id":19821,"date":"2022-06-18T02:58:23","date_gmt":"2022-06-18T05:58:23","guid":{"rendered":"https:\/\/guiadenoticias.com.ar\/diario\/?p=19821"},"modified":"2022-06-23T02:59:54","modified_gmt":"2022-06-23T05:59:54","slug":"alexis-guerrera-y-massa-presidenciable","status":"publish","type":"post","link":"https:\/\/guiadenoticias.com.ar\/diario\/alexis-guerrera-y-massa-presidenciable\/","title":{"rendered":"Alexis Guerrera y Massa presidenciable"},"content":{"rendered":"<p>En la inauguraci\u00f3n del nuevo ingreso a la estaci\u00f3n El Palomar del ferrocarril San Mart\u00edn, que incluye una serie de intervenciones urban\u00edsticas en la zona, entre otros estuvo presente el ministro de Transporte de Naci\u00f3n, Alexis Guerrera, quien dialog\u00f3 con periodistas.<\/p>\n<p>Ante la consulta de Gu\u00eda de Noticias sobre los trabajos en la trama metropolitana de los trenes, el funcionario se explay\u00f3. \u201cPensemos en el Belgrano sur, que no trae m\u00e1s gente a\u00fan porque no tiene llegada a Constituci\u00f3n. Que haya un tren del Conurbano que no llegue a una de las terminales es una dificultad; entonces estamos haciendo el viaducto que completar\u00e1 el recorrido. A su vez, despu\u00e9s de varias d\u00e9cadas se autoriz\u00f3 un pr\u00e9stamo del Banco Mundial de 600 millones para la electrificaci\u00f3n.<\/p>\n<p>Esto va a significar que se descomprima la l\u00ednea Sarmiento, que muchas veces est\u00e1 colapsada, porque la gente aunque tenga m\u00e1s cerca al Belgrano sur opta por un ferrocarril con llegada a una terminal. Trabajamos tambi\u00e9n con otro cr\u00e9dito del Banco Mundial para la electrificaci\u00f3n del San Mart\u00edn\u201d.<\/p>\n<p>Respecto a otras regiones, el massista apunt\u00f3 que \u201cmuchas veces, las noticias metropolitanas y los medios masivos de comunicaci\u00f3n hacen que se vea s\u00f3lo lo que hacemos en el AMBA\u201d.<\/p>\n<p>Acto seguido enumer\u00f3: \u201cEn los pr\u00f3ximos dos meses vamos a pasar de Bragado a 9 de Julio, Casares, Pehuaj\u00f3, y seguramente el a\u00f1o que viene a Trenque Lauquen, en las puertas de La Pampa. Con el San Mart\u00edn pasamos de Jun\u00edn a Vedia, Alberdi, Iriarte, Rufino y estamos por llegar a San Luis.<\/p>\n<p>Reactivamos el tren de las sierras en C\u00f3rdoba. Recuperamos el tramo de Buenos Aires \u2013 Rosario. Estamos licitando el puente del R\u00edo Sal\u00ed en Tucum\u00e1n para que el tren cruce el r\u00edo y llegue a San Miguel de Tucum\u00e1n. Tambi\u00e9n, el tren llegar\u00e1 pr\u00f3ximamente a la ciudad de Santa Fe. El a\u00f1o pasado se inaugur\u00f3 el tramo Neuqu\u00e9n \u2013 Plotier, hac\u00eda m\u00e1s de 35 a\u00f1os que no funcionaba\u201d.<\/p>\n<p><em>\u00bfMASSA CANDIDATO A PRESIDENTE?<\/em><\/p>\n<p>\u201cPara nosotros s\u00ed,<strong> Sergio Massa es el candidato ideal para el a\u00f1o que viene. Est\u00e1 muy preparado, conoce el Estado como pocos dirigentes. Lo vemos, por ser nuestro l\u00edder, con una capacidad de trabajo enorme\u201d,<\/strong> respondi\u00f3 Guerrera, pocos d\u00edas antes que ese tema se instale en la agenda medi\u00e1tica.<\/p>\n<p>Aunque aclar\u00f3, \u201cpero formamos parte del Frente de Todos y vamos a ser org\u00e1nicos en funci\u00f3n de lo que el FdT resuelva en cuanto a candidaturas\u201d.<\/p>\n<p>Por otro lado, redobl\u00f3 la apuesta. \u201cA m\u00ed no me disgusta las PASO. Me parece que si hay dos tres candidatos fuertes, lo ideal ser\u00eda consensuar en dos. Adem\u00e1s, creo que nos potencia como fuerza pol\u00edtica para enfrentar al verdadero adversario, que son quienes quieren volver a instalar las pol\u00edticas de centro derecha o neoliberales\u201d.<\/p>\n","protected":false},"excerpt":{"rendered":"<p>En la inauguraci\u00f3n del nuevo ingreso a la estaci\u00f3n El Palomar del ferrocarril San Mart\u00edn, que incluye una serie de intervenciones urban\u00edsticas en la zona, entre otros estuvo presente el ministro de Transporte de Naci\u00f3n, Alexis Guerrera, quien dialog\u00f3 con periodistas. Ante la consulta de Gu\u00eda de Noticias sobre los trabajos en la trama metropolitana [&hellip;]<\/p>\n","protected":false},"author":1,"featured_media":19822,"comment_status":"closed","ping_status":"closed","sticky":false,"template":"","format":"standard","meta":{"footnotes":""},"categories":[28,20,48,26],"tags":[104,87,164],"class_list":{"0":"post-19821","1":"post","2":"type-post","3":"status-publish","4":"format-standard","5":"has-post-thumbnail","7":"category-moron","8":"category-municipios","9":"category-politica-argentina","10":"category-tres-de-febrero","11":"tag-frente-de-todos","12":"tag-sergio-massa","13":"tag-transporte"},"aioseo_notices":[],"_links":{"self":[{"href":"https:\/\/guiadenoticias.com.ar\/diario\/wp-json\/wp\/v2\/posts\/19821","targetHints":{"allow":["GET"]}}],"collection":[{"href":"https:\/\/guiadenoticias.com.ar\/diario\/wp-json\/wp\/v2\/posts"}],"about":[{"href":"https:\/\/guiadenoticias.com.ar\/diario\/wp-json\/wp\/v2\/types\/post"}],"author":[{"embeddable":true,"href":"https:\/\/guiadenoticias.com.ar\/diario\/wp-json\/wp\/v2\/users\/1"}],"replies":[{"embeddable":true,"href":"https:\/\/guiadenoticias.com.ar\/diario\/wp-json\/wp\/v2\/comments?post=19821"}],"version-history":[{"count":1,"href":"https:\/\/guiadenoticias.com.ar\/diario\/wp-json\/wp\/v2\/posts\/19821\/revisions"}],"predecessor-version":[{"id":19823,"href":"https:\/\/guiadenoticias.com.ar\/diario\/wp-json\/wp\/v2\/posts\/19821\/revisions\/19823"}],"wp:featuredmedia":[{"embeddable":true,"href":"https:\/\/guiadenoticias.com.ar\/diario\/wp-json\/wp\/v2\/media\/19822"}],"wp:attachment":[{"href":"https:\/\/guiadenoticias.com.ar\/diario\/wp-json\/wp\/v2\/media?parent=19821"}],"wp:term":[{"taxonomy":"category","embeddable":true,"href":"https:\/\/guiadenoticias.com.ar\/diario\/wp-json\/wp\/v2\/categories?post=19821"},{"taxonomy":"post_tag","embeddable":true,"href":"https:\/\/guiadenoticias.com.ar\/diario\/wp-json\/wp\/v2\/tags?post=19821"}],"curies":[{"name":"wp","href":"https:\/\/api.w.org\/{rel}","templated":true}]}}