{"id":19871,"date":"2022-06-29T03:27:34","date_gmt":"2022-06-29T06:27:34","guid":{"rendered":"https:\/\/guiadenoticias.com.ar\/diario\/?p=19871"},"modified":"2022-07-04T04:11:01","modified_gmt":"2022-07-04T07:11:01","slug":"facundo-manes-la-crisis-economica-es-consecuencia-de-la-grieta","status":"publish","type":"post","link":"https:\/\/guiadenoticias.com.ar\/diario\/facundo-manes-la-crisis-economica-es-consecuencia-de-la-grieta\/","title":{"rendered":"Facundo Manes: \u201cLa crisis econ\u00f3mica es consecuencia de la grieta\u201d"},"content":{"rendered":"<p>En su recorrido por la Provincia, el diputado nacional Facundo Manes pas\u00f3 por Mor\u00f3n. El encuentro se realiz\u00f3 en el Colegio de Abogados, en un recinto desbordado de dirigentes y militantes, entre otros estuvieron los diputados Sebasti\u00e1n Salvador y Margarita Stolbizer; el presidente de la UCR bonaerense, Maximiliano Abad, los legisladores provinciales Emiliano Balb\u00edn y \u00c9rica Revilla y el anfitri\u00f3n, el concejal Rolando Moretto.<\/p>\n<p>Manes, que lleg\u00f3 en tren desde Merlo, fue el \u00fanico orador y tom\u00f3 como eje central el t\u00e9rmino \u201cEmpat\u00eda\u201d, nombre de su espacio pol\u00edtico. Con un discurso conciliador explic\u00f3 que \u201cla empat\u00eda es la palabra clave para construir un nuevo pa\u00eds. Es la habilidad que tiene nuestro cerebro de entender que el otro tiene creencias diferentes a las nuestras y que puede tener raz\u00f3n. Es sentir lo que siente el otro, es reconocerlo\u201d.<\/p>\n<p>Y reflexion\u00f3, \u201clo que pas\u00f3 en la Argentina es que gobern\u00f3 una mitad y se olvid\u00f3 o no reconoci\u00f3 a la otra mitad, que se sinti\u00f3 aislada. Cuando le toc\u00f3 a esa mitad, la otra se sinti\u00f3 olvidada, y lo que vamos a hacer entre todos es ir casa por casa, como lo estamos haciendo este a\u00f1o en todo el pa\u00eds, a decir que las diferencias que tenemos son menores que los desaf\u00edos, que es reconstruir la naci\u00f3n\u201d.<\/p>\n<p>En cuanto a su experiencia pol\u00edtica, varias veces cuestionada por propios y ajenos, el neurocient\u00edfico manifest\u00f3 que \u201cla sociedad est\u00e1 deprimida, ya no cree en nadie\u201d, y que parte de su trabajo es \u201cinspirar a creer en uno mismo, a levantar la autoestima, porque de esto tenemos que salir entre todos\u201d.<\/p>\n<p>Destac\u00f3 que en el mundo que se viene Argentina tiene una gran potencialidad, porque se van a necesitar alimentos y nuestro pa\u00eds puede ser un gran productor. En la actualidad se exporta alimentos para animales, si se exportara alimentos para personas ser\u00eda un enorme valor agregado, \u201cy eso es lo que vamos a hacer, eso sucede con la energ\u00eda que Argentina puede producir\u201d, asegur\u00f3.<\/p>\n<p>En referencia a la econom\u00eda explic\u00f3 que el valor del d\u00f3lar o la inflaci\u00f3n son s\u00edntomas de problemas estructurales econ\u00f3micos que tienen que ver con la grieta, que no s\u00f3lo es un drama pol\u00edtico, sino un drama econ\u00f3mico. Estim\u00f3 que \u201cla crisis econ\u00f3mica es consecuencia de la grieta\u201d y que \u201csi queremos bajar la inflaci\u00f3n tenemos que bajar la grieta\u201d; agreg\u00f3 asimismo, \u201cno hay horizonte, planificaci\u00f3n ni largo plazo y eso es una gran tarea pol\u00edtica, porque en todos los pa\u00edses hay grietas, pero los que se desarrollaron lograron ponerse de acuerdo en un proyecto de pa\u00eds, en algunas pol\u00edticas de Estado m\u00e1s all\u00e1 de las diferencias. Argentina tiene una posibilidad enorme, en muchos aspectos para generar m\u00e1s riqueza\u201d.<\/p>\n<p>Adem\u00e1s, afirm\u00f3 ante el auditorio que nada de esto va a ser posible si no se soluciona la crisis \u00e9tica y moral en la que estamos inmersos. En cuanto a educaci\u00f3n, uno de los ejes de su campa\u00f1a de 2021, Manes asever\u00f3 que, debido al mal manejo de la pandemia, \u201cun a\u00f1o y medio sin clases presenciales va a tener un efecto de 6 o 7 d\u00e9cadas, en lo psicol\u00f3gico, educativo, econ\u00f3mico y social\u201d. Sin embargo, dijo que de esta pandemia vamos a salir favorecidos, despu\u00e9s del dolor hay una resignificaci\u00f3n de procesos que nos definen de nuevo el prop\u00f3sito de la vida y nos hace entender que el bienestar tiene que ver con los dem\u00e1s, somos una comunidad y eso es lo que tenemos que recuperar, una naci\u00f3n\u201d.<\/p>\n<p>El diputado radical consider\u00f3 que el a\u00f1o que viene se va a votar algo nuevo frente a lo viejo, \u201cse va a votar a favor despu\u00e9s de mucho tiempo de hacerlo en contra de algo\u201d, y confes\u00f3 que quiere ser parte de una mayor\u00eda que tenga la voluntad de transformar la Argentina.<\/p>\n<p>\u201cMuchos nos dicen ustedes no tienen experiencia, y ac\u00e1 gobernaron ex gobernadores, sab\u00edan gobernar y saquearon el pa\u00eds desde la Casa Rosada. No queremos esa experiencia, de convertir un pa\u00eds potencialmente rico, en el desastre social y econ\u00f3mico que es hoy. No queremos la experiencia de la corrupci\u00f3n sist\u00e9mica, de que los chicos se quieran ir. Queremos una nueva experiencia que es encaminarnos d\u00eda a d\u00eda hacia el progreso, la modernidad, los desaf\u00edos del siglo 21\u201d, enfatiz\u00f3.<\/p>\n<p>Previo a las selfies, concluy\u00f3 que \u201cla econom\u00eda en este siglo es el conocimiento, la capacidad de nuestra gente de estar educada, de tener libertad, autoestima, de crear, de innovar, ah\u00ed est\u00e1 la riqueza de los pa\u00edses. Cuando hablamos de desarrollo humano, de ciencia, educaci\u00f3n y tecnolog\u00eda vinculada a la producci\u00f3n, hablamos de erradicar la pobreza y mejorar la econom\u00eda, de una vez por todas tenemos que entrar a la modernidad y al progreso y yo creo que este es el momento\u201d.<\/p>\n","protected":false},"excerpt":{"rendered":"<p>En su recorrido por la Provincia, el diputado nacional Facundo Manes pas\u00f3 por Mor\u00f3n. El encuentro se realiz\u00f3 en el Colegio de Abogados, en un recinto desbordado de dirigentes y militantes, entre otros estuvieron los diputados Sebasti\u00e1n Salvador y Margarita Stolbizer; el presidente de la UCR bonaerense, Maximiliano Abad, los legisladores provinciales Emiliano Balb\u00edn y [&hellip;]<\/p>\n","protected":false},"author":1,"featured_media":19876,"comment_status":"closed","ping_status":"closed","sticky":false,"template":"","format":"standard","meta":{"footnotes":""},"categories":[70,28,20,48],"tags":[167,173,102],"class_list":{"0":"post-19871","1":"post","2":"type-post","3":"status-publish","4":"format-standard","5":"has-post-thumbnail","7":"category-las-mas-leidas","8":"category-moron","9":"category-municipios","10":"category-politica-argentina","11":"tag-facundo-manes","12":"tag-juntos","13":"tag-ucr"},"aioseo_notices":[],"_links":{"self":[{"href":"https:\/\/guiadenoticias.com.ar\/diario\/wp-json\/wp\/v2\/posts\/19871","targetHints":{"allow":["GET"]}}],"collection":[{"href":"https:\/\/guiadenoticias.com.ar\/diario\/wp-json\/wp\/v2\/posts"}],"about":[{"href":"https:\/\/guiadenoticias.com.ar\/diario\/wp-json\/wp\/v2\/types\/post"}],"author":[{"embeddable":true,"href":"https:\/\/guiadenoticias.com.ar\/diario\/wp-json\/wp\/v2\/users\/1"}],"replies":[{"embeddable":true,"href":"https:\/\/guiadenoticias.com.ar\/diario\/wp-json\/wp\/v2\/comments?post=19871"}],"version-history":[{"count":1,"href":"https:\/\/guiadenoticias.com.ar\/diario\/wp-json\/wp\/v2\/posts\/19871\/revisions"}],"predecessor-version":[{"id":19873,"href":"https:\/\/guiadenoticias.com.ar\/diario\/wp-json\/wp\/v2\/posts\/19871\/revisions\/19873"}],"wp:featuredmedia":[{"embeddable":true,"href":"https:\/\/guiadenoticias.com.ar\/diario\/wp-json\/wp\/v2\/media\/19876"}],"wp:attachment":[{"href":"https:\/\/guiadenoticias.com.ar\/diario\/wp-json\/wp\/v2\/media?parent=19871"}],"wp:term":[{"taxonomy":"category","embeddable":true,"href":"https:\/\/guiadenoticias.com.ar\/diario\/wp-json\/wp\/v2\/categories?post=19871"},{"taxonomy":"post_tag","embeddable":true,"href":"https:\/\/guiadenoticias.com.ar\/diario\/wp-json\/wp\/v2\/tags?post=19871"}],"curies":[{"name":"wp","href":"https:\/\/api.w.org\/{rel}","templated":true}]}}