{"id":19896,"date":"2022-07-02T02:10:15","date_gmt":"2022-07-02T05:10:15","guid":{"rendered":"https:\/\/guiadenoticias.com.ar\/diario\/?p=19896"},"modified":"2022-07-03T02:12:24","modified_gmt":"2022-07-03T05:12:24","slug":"de-peron-y-tiros-en-los-pies","status":"publish","type":"post","link":"https:\/\/guiadenoticias.com.ar\/diario\/de-peron-y-tiros-en-los-pies\/","title":{"rendered":"De Per\u00f3n y tiros en los pies"},"content":{"rendered":"<p>El ministro de Econom\u00eda Mart\u00edn Guzm\u00e1n public\u00f3 este s\u00e1bado 2 de julio en sus redes sociales una carta de renuncia a su puesto. El comunicado se dio en medio del acto en homenaje a Per\u00f3n que encabezaba la vicepresidenta Cristina Kirchner, su principal cr\u00edtica, en Ensenada. De esta manera se suma un cap\u00edtulo en las disputas del Frente de Todos; un interrogante que durar\u00e1 pocas horas es su reemplazante, que deber\u00e1 lidiar con una crisis pol\u00edtica \u2013 econ\u00f3mica.<\/p>\n<p>\u00abDoctor Alberto Fern\u00e1ndez. Me dirijo a usted con motivo de presentarle mi renuncia al cargo de ministro de Econom\u00eda de la Naci\u00f3n, con el cual me honrara desde el 10 de diciembre de 2019\u00bb, comienza la carta del ahora exfuncionario nacional, que sorprendi\u00f3 a todos &#8211; incluido el primer mandatario &#8211; luego de que el mandatario nacional lo sostuviera pese a las feroces cr\u00edticas del kirchnerismo.<\/p>\n<p>En ese sentido, Guzm\u00e1n agradeci\u00f3 \u00abprofundamente\u00bb el apoyo de Alberto Fern\u00e1ndez \u00abestos m\u00e1s de 30 meses de trabajo, los cuales estuvieron marcados por un escenario absolutamente singular\u00bb. Y mencion\u00f3 los efectos econ\u00f3micos negativos que tuvo la pandemia de coronavirus y la guerra Rusia-Ucrania.<\/p>\n<p>En el escrito, el ex ministro hizo un repaso de toda su gesti\u00f3n &#8211; carente de autocr\u00edtica -, desde el acuerdo por la deuda externa, la situaci\u00f3n energ\u00e9tica y las reservas de d\u00f3lares, entre otros temas. Sin embargo, el acuerdo con el FMI fue uno de los puntos que m\u00e1s destac\u00f3 en su carta.<\/p>\n<p>Afirm\u00f3: \u00abHa sido un verdadero honor acompa\u00f1arlo en la tarea de poner a nuestro pa\u00eds de pie. Juntos dimos pasos para que la econom\u00eda de nuestro pa\u00eds se recupere y crezca. La hora necesita que quien usted disponga tome las riendas del Ministerio que hasta hoy tuve el honor de conducir\u00bb. Se supo que horas antes Guzm\u00e1n pidi\u00f3 se\u00f1ales claras del Presidente, por ejemplo con la conducci\u00f3n en el \u00e1rea de Energ\u00eda y el control del d\u00f3lar, y acciones que no pod\u00edan ser m\u00e1s dilatadas por las internas pol\u00edticas.<\/p>\n<p>Finalmente, le recomend\u00f3 realizar un acuerdo pol\u00edtico en el Frente de Todos para que el pr\u00f3ximo ministro no sufra las internas, que a \u00e9l lo erosionaron durante meses: \u00abDesde la experiencia que he vivido, considero que ser\u00e1 primordial que trabaje en un acuerdo pol\u00edtico dentro de la coalici\u00f3n gobernante, para que quien me reemplace, que tendr\u00e1 por delante esta alta responsabilidad, cuente con el manejo centralizado de los instrumentos de pol\u00edtica macroecon\u00f3mica necesarios para consolidar los avances descriptos y hacer frente a los desaf\u00edos por delante. Eso ayudar\u00e1 a que quien me suceda lleve adelante las gestiones conducentes al progreso econ\u00f3mico y social con el apoyo pol\u00edtico que es necesario para que aquellas sean efectivas\u00bb.<\/p>\n<p>En igual tono conciliador, el ex ministro escribi\u00f3 que \u00aben lo personal quiero reiterarle mi agradecimiento por estos a\u00f1os \u00fanicos de trabajo conjunto. Le agradezco su trato tan respetuoso, su calidez y su liderazgo, valor y valent\u00eda en un n\u00famero de situaciones complejas que hemos tenido que enfrentar. Tambi\u00e9n valoro mucho su genuina empat\u00eda con la gente, su compromiso indudable de mejorar la calidad de vida del pueblo que gobierna, y su valoraci\u00f3n de la transparencia. Yo aprend\u00ed mucho de vos, querido Alberto\u00bb.<\/p>\n<p>\u00abCon la profunda convicci\u00f3n y la confianza en mi visi\u00f3n sobre cu\u00e1l es el camino que debe seguir la Argentina, seguir\u00e9 trabajando y actuando por una Patria m\u00e1s justa, libre y soberana\u00bb, finaliz\u00f3 Guzm\u00e1n la misiva.<\/p>\n<p>Esta vez cobr\u00f3 m\u00e1s protagonista la renuncia de Guzm\u00e1n que el acto montado por CFK &#8211; donde la militancia arm\u00f3 un operativo \u201cclamor\u201d para su postulaci\u00f3n en 2023 -, que procur\u00f3 realizar una muestra de fuerza por la gran cantidad de presencias pol\u00edticas y sindicales.<\/p>\n","protected":false},"excerpt":{"rendered":"<p>El ministro de Econom\u00eda Mart\u00edn Guzm\u00e1n public\u00f3 este s\u00e1bado 2 de julio en sus redes sociales una carta de renuncia a su puesto. El comunicado se dio en medio del acto en homenaje a Per\u00f3n que encabezaba la vicepresidenta Cristina Kirchner, su principal cr\u00edtica, en Ensenada. De esta manera se suma un cap\u00edtulo en las [&hellip;]<\/p>\n","protected":false},"author":1,"featured_media":19897,"comment_status":"closed","ping_status":"closed","sticky":false,"template":"","format":"standard","meta":{"footnotes":""},"categories":[49,30,48],"tags":[82,88,123,104],"class_list":{"0":"post-19896","1":"post","2":"type-post","3":"status-publish","4":"format-standard","5":"has-post-thumbnail","7":"category-economia-y-gremiales","8":"category-nacion","9":"category-politica-argentina","10":"tag-alberto-fernandez","11":"tag-cristina-fernandez","12":"tag-economia","13":"tag-frente-de-todos"},"aioseo_notices":[],"_links":{"self":[{"href":"https:\/\/guiadenoticias.com.ar\/diario\/wp-json\/wp\/v2\/posts\/19896","targetHints":{"allow":["GET"]}}],"collection":[{"href":"https:\/\/guiadenoticias.com.ar\/diario\/wp-json\/wp\/v2\/posts"}],"about":[{"href":"https:\/\/guiadenoticias.com.ar\/diario\/wp-json\/wp\/v2\/types\/post"}],"author":[{"embeddable":true,"href":"https:\/\/guiadenoticias.com.ar\/diario\/wp-json\/wp\/v2\/users\/1"}],"replies":[{"embeddable":true,"href":"https:\/\/guiadenoticias.com.ar\/diario\/wp-json\/wp\/v2\/comments?post=19896"}],"version-history":[{"count":1,"href":"https:\/\/guiadenoticias.com.ar\/diario\/wp-json\/wp\/v2\/posts\/19896\/revisions"}],"predecessor-version":[{"id":19898,"href":"https:\/\/guiadenoticias.com.ar\/diario\/wp-json\/wp\/v2\/posts\/19896\/revisions\/19898"}],"wp:featuredmedia":[{"embeddable":true,"href":"https:\/\/guiadenoticias.com.ar\/diario\/wp-json\/wp\/v2\/media\/19897"}],"wp:attachment":[{"href":"https:\/\/guiadenoticias.com.ar\/diario\/wp-json\/wp\/v2\/media?parent=19896"}],"wp:term":[{"taxonomy":"category","embeddable":true,"href":"https:\/\/guiadenoticias.com.ar\/diario\/wp-json\/wp\/v2\/categories?post=19896"},{"taxonomy":"post_tag","embeddable":true,"href":"https:\/\/guiadenoticias.com.ar\/diario\/wp-json\/wp\/v2\/tags?post=19896"}],"curies":[{"name":"wp","href":"https:\/\/api.w.org\/{rel}","templated":true}]}}