{"id":19920,"date":"2022-06-30T04:36:54","date_gmt":"2022-06-30T07:36:54","guid":{"rendered":"https:\/\/guiadenoticias.com.ar\/diario\/?p=19920"},"modified":"2022-07-05T04:37:30","modified_gmt":"2022-07-05T07:37:30","slug":"inauguraron-en-vilo-muestra-fotografica-archivo-de-la-memoria-trans","status":"publish","type":"post","link":"https:\/\/guiadenoticias.com.ar\/diario\/inauguraron-en-vilo-muestra-fotografica-archivo-de-la-memoria-trans\/","title":{"rendered":"Inauguraron en VILO Muestra Fotogr\u00e1fica Archivo de la Memoria Trans"},"content":{"rendered":"<p>En el marco de la Semana de la Diversidad y ante una amplia concurrencia, <strong>la presidenta del Concejo Deliberante, Natalia Villa, junto con la secretaria de Desarrollo Social del municipio, Antonella Del Prete, y representantes del Archivo de la Memoria Trans dieron por inaugurada la muestra del \u201cArchivo de la Memoria Trans\u201d, la cual permanecer\u00e1 abierta al p\u00fablico hasta el 11 de julio, en el horario de 10 a 17 horas.<\/strong><\/p>\n<p>Asistieron a la inauguraci\u00f3n autoridades del Deliberativo, del Ejecutivo municipal, del Archivo de la Memoria Trans y p\u00fablico en general.<\/p>\n<p>Villa dio la bienvenida y expres\u00f3: \u201cEn nombre del Concejo Deliberante agradezco a la Direcci\u00f3n de G\u00e9nero y Diversidad Sexual por compartir esta propuesta, en esta casa, que es la casa del pueblo de Vicente L\u00f3pez. Hoy tengo una profunda emoci\u00f3n porque me parece importante tener estos espacios, ya que este sal\u00f3n de arte es un lugar para compartir, sobre todo para aprender, para estar con amigos. Y esta es la primera vez en la historia del Concejo que le damos visibilidad a la diversidad. Estamos haciendo historia, porque celebramos la Semana del Orgullo\u201d.<\/p>\n<p>Por otra parte, la concejal mencion\u00f3 que \u201csi nosotros nos proponemos mirarnos todos a los ojos, vamos a entender que m\u00e1s all\u00e1 del camino que tome uno en esta vida, tenemos un \u00fanico horizonte, un \u00fanico objetivo, y es el de llegar a una igualdad real. Una igualdad que va m\u00e1s all\u00e1 de las leyes, sino que queremos que se exprese en la calle. Lo que les propongo hoy es que esta semana celebremos todos los derechos conquistados, todo el camino recorrido, sabiendo que falta mucho, que hay muchos derechos por conquistar, pero que eso lo haremos todos juntos como sociedad, como argentinos y so\u00f1ando con un pa\u00eds que sea inclusivo, igualitario, justo, solidario, pero por sobre todas las cosas humano\u201d.<\/p>\n<p>Al respecto, la Secretaria de Desarrollo Social manifest\u00f3: \u201cMe parece revolucionario ver un Concejo Deliberante con esta muestra. Habla del sistema democr\u00e1tico al que todos ac\u00e1 abrazamos, donde todos tenemos derecho a vivir en libertad y a hacer lo que queremos, sin molestar la libertad y la individualidad del otro, con el derecho a expresarnos como queremos. Y me parece que esta muestra es una expresi\u00f3n de amor y de derechos y el grito de mucha gente que por suerte ac\u00e1 hoy nos acompa\u00f1a. Y que nosotros tenemos la suerte de compartir y acompa\u00f1arlos\u201d.<\/p>\n<p>Y en representaci\u00f3n de Mar\u00eda Bel\u00e9n Correa, presidenta del Archivo de la Memoria Trans, hablaron Magal\u00ed Mu\u00f1iz y Cecilia Estalles, esta \u00faltima vecina de Carapachay. Quienes, respectivamente, expresaron su agradecimiento a las instituciones participantes por la realizaci\u00f3n de la muestra. \u201cEl espacio brindado a la difusi\u00f3n del Archivo de la Memoria Trans, el cual apela a reconstruir la memoria a trav\u00e9s de fotos, de testimonios, de recortes de diarios y revistas, con la finalidad de reunir patrimonio hist\u00f3rico y hablar en Argentina, de lo que durante muchos a\u00f1os aqu\u00ed no se habl\u00f3\u201d.<\/p>\n<p>Agregaron que \u201cconmemoramos a las compa\u00f1eras que hoy est\u00e1n y las que ya no est\u00e1n, pero que tanto lucharon para que hoy tengamos m\u00e1s libertad. Nuestra democracia no lleg\u00f3 como la de todos los argentinos, sino treinta a\u00f1os despu\u00e9s en 2012 con la sanci\u00f3n de la Ley 26.743 de Identidad de G\u00e9nero, donde se nos dio el derecho a tener nuestra propia identidad en nuestro documento. Hemos logrado avances con la ley de matrimonio igualitario, con la ley laboral de porcentaje trans y ahora luchamos por un ley que aborde la jubilaci\u00f3n trans y su reparaci\u00f3n hist\u00f3rica, la cual nos permita una calidad de vida digna al llegar a la edad correspondiente\u201d.<\/p>\n","protected":false},"excerpt":{"rendered":"<p>En el marco de la Semana de la Diversidad y ante una amplia concurrencia, la presidenta del Concejo Deliberante, Natalia Villa, junto con la secretaria de Desarrollo Social del municipio, Antonella Del Prete, y representantes del Archivo de la Memoria Trans dieron por inaugurada la muestra del \u201cArchivo de la Memoria Trans\u201d, la cual permanecer\u00e1 [&hellip;]<\/p>\n","protected":false},"author":1,"featured_media":19921,"comment_status":"closed","ping_status":"closed","sticky":false,"template":"","format":"standard","meta":{"footnotes":""},"categories":[19,20],"tags":[139,152],"class_list":{"0":"post-19920","1":"post","2":"type-post","3":"status-publish","4":"format-standard","5":"has-post-thumbnail","7":"category-informacion-general","8":"category-municipios","9":"tag-concejo-deliberante","10":"tag-diversidad"},"aioseo_notices":[],"_links":{"self":[{"href":"https:\/\/guiadenoticias.com.ar\/diario\/wp-json\/wp\/v2\/posts\/19920","targetHints":{"allow":["GET"]}}],"collection":[{"href":"https:\/\/guiadenoticias.com.ar\/diario\/wp-json\/wp\/v2\/posts"}],"about":[{"href":"https:\/\/guiadenoticias.com.ar\/diario\/wp-json\/wp\/v2\/types\/post"}],"author":[{"embeddable":true,"href":"https:\/\/guiadenoticias.com.ar\/diario\/wp-json\/wp\/v2\/users\/1"}],"replies":[{"embeddable":true,"href":"https:\/\/guiadenoticias.com.ar\/diario\/wp-json\/wp\/v2\/comments?post=19920"}],"version-history":[{"count":1,"href":"https:\/\/guiadenoticias.com.ar\/diario\/wp-json\/wp\/v2\/posts\/19920\/revisions"}],"predecessor-version":[{"id":19922,"href":"https:\/\/guiadenoticias.com.ar\/diario\/wp-json\/wp\/v2\/posts\/19920\/revisions\/19922"}],"wp:featuredmedia":[{"embeddable":true,"href":"https:\/\/guiadenoticias.com.ar\/diario\/wp-json\/wp\/v2\/media\/19921"}],"wp:attachment":[{"href":"https:\/\/guiadenoticias.com.ar\/diario\/wp-json\/wp\/v2\/media?parent=19920"}],"wp:term":[{"taxonomy":"category","embeddable":true,"href":"https:\/\/guiadenoticias.com.ar\/diario\/wp-json\/wp\/v2\/categories?post=19920"},{"taxonomy":"post_tag","embeddable":true,"href":"https:\/\/guiadenoticias.com.ar\/diario\/wp-json\/wp\/v2\/tags?post=19920"}],"curies":[{"name":"wp","href":"https:\/\/api.w.org\/{rel}","templated":true}]}}