{"id":19959,"date":"2022-07-08T05:05:55","date_gmt":"2022-07-08T08:05:55","guid":{"rendered":"https:\/\/guiadenoticias.com.ar\/diario\/?p=19959"},"modified":"2022-07-13T05:09:07","modified_gmt":"2022-07-13T08:09:07","slug":"gerardo-morales-somos-un-partido-de-gestion-y-vamos-a-gobernar","status":"publish","type":"post","link":"https:\/\/guiadenoticias.com.ar\/diario\/gerardo-morales-somos-un-partido-de-gestion-y-vamos-a-gobernar\/","title":{"rendered":"Gerardo Morales: \u201cSomos un partido de gesti\u00f3n y vamos a gobernar\u201d"},"content":{"rendered":"<p>De cara a las PASO 2023, en el Comit\u00e9 de la Uni\u00f3n C\u00edvica Radical de Vicente L\u00f3pez, distrito gobernado por la intendenta del PRO, Soledad Mart\u00ednez, estuvo presente Gerardo Morales, gobernador de Jujuy y presidente del Comit\u00e9 Nacional de la UCR. En esta oportunidad, acompa\u00f1ado por el presidente del comit\u00e9 local, Daniel Szurek, habl\u00f3 sobre la crisis pol\u00edtica econ\u00f3mica que atraviesa el pa\u00eds, c\u00f3mo es el presente de Juntos por el Cambio y los desaf\u00edos que enfrenta el radicalismo para posicionarse como un espacio pol\u00edtico competitivo para las pr\u00f3ximas elecciones.<\/p>\n<p>Adem\u00e1s, participaron del acto el intendente de San Isidro, Gustavo Posse; los diputados nacionales Mart\u00edn Tetaz, Sebasti\u00e1n Salvador y Miguel \u00c1ngel Bazze; los legisladores provinciales Eduardo Costa, Alejandra Lord\u00e9n y Walter Carusso; el titular del bloque de Juntos y jefe del radicalismo de Buenos Aires, Maximiliano Abad; la vicepresidenta del Comit\u00e9 Nacional, Mar\u00eda Luisa Storani, el ex vicegobernador Daniel Salvador y el concejal Luis Gonz\u00e1lez. Un dato de color: reapareci\u00f3 en p\u00fablico el ex intendente Enrique \u201cjapon\u00e9s\u201d Garc\u00eda.<\/p>\n<p>Frente a la puerta del Comit\u00e9 hubo una protesta de manifestantes que con pancartas y cantos exig\u00edan la liberaci\u00f3n de Milagro Sala, hecho al que hizo referencia el propio Morales en su discurso: \u201cEst\u00e1 mal que vayan a violentar tu casa, porque esta es mi casa, nuestra casa, pero esto es la democracia que recuperamos para siempre, la posibilidad de distintas expresiones. Que Milagro Sala est\u00e9 presa tiene que ver con que yo no pact\u00e9 con la impunidad, con esa decisi\u00f3n pol\u00edtica y con el funcionamiento del poder independiente. Lo que hicimos en Jujuy fue construir ciudadan\u00eda\u201d.<\/p>\n<p>En cuanto a la crisis pol\u00edtica actual, analiz\u00f3 que \u201cel pa\u00eds est\u00e1 al borde del abismo, producto de la grieta dentro del Frente de Todos, una pelea de poder que es absurda entre la vicepresidenta y el Presidente, pero no s\u00f3lo ellos dos, un gobierno como nunca se vio, inoperante, ineficaz, loteado. Secretarios, directores, desde Grabois, el \u201cChino\u201d Navarro, P\u00e9rsico, el Frente Renovador, el albertismo, el cristinismo, la C\u00e1mpora y todos tiene lotes de poder\u201d.<\/p>\n<p>Y agreg\u00f3: \u201cComo gobernador, cuando llegamos a un ministerio vemos que nadie manda, nadie toma decisiones y el problema del pa\u00eds, hoy econ\u00f3mico y social, es la pol\u00edtica y de esa pelea que tienen, irreductible, pelea de poder que no le deja ver la realidad al Presidente\u201d. Tambi\u00e9n record\u00f3 que invit\u00f3 al primer mandatario a Jujuy, \u201cpara que vea lo que hacemos, pero lejos de eso va a hacer una visita a quien fue la m\u00e1xima expresi\u00f3n de lo peor de la Rep\u00fablica Argentina, que es la violencia y la corrupci\u00f3n\u201d.<\/p>\n<p>Por otro lado, confirm\u00f3 la alianza pol\u00edtica que integra. \u201cFormamos parte de una gran coalici\u00f3n que es Juntos por el Cambio, por eso me alegro mucho que en la convenci\u00f3n de La Plata hayamos ratificado ese rumbo y ratificado tambi\u00e9n el clima de unidad\u201d. Y aclar\u00f3, \u201cclaro que hay diferencias, pero es aprender a convivir fuerzas pol\u00edticas que piensan diferente, no nos va a pasar lo de 2015, vamos a llegar con un plan\u201d.<\/p>\n<p>Aprovech\u00f3 el encuentro en la zona norte del Conurbano Bonaerense para brindar detalles de su gesti\u00f3n en Jujuy en cuanto a econom\u00eda, educaci\u00f3n, energ\u00eda y turismo, asegur\u00f3 que eso se puede hacer a nivel nacional, lo que dej\u00f3 en claro su intenci\u00f3n de ser candidato presidencial. Por eso, ya recorre varias provincias.<\/p>\n<p>Morales se refiri\u00f3 a la UCR como \u201cuna fuerza pol\u00edtica con mucha m\u00e1s musculatura\u201d y que \u201cdesde el radicalismo sabemos gobernar\u201d. Asever\u00f3 asimismo: \u201cNo nos van a decir a la UCR ni que somos populistas ni que no sabemos gobernar, porque somos un partido de gesti\u00f3n y vamos a gobernar la Argentina\u201d.<\/p>\n<p>Por \u00faltimo, enfatiz\u00f3 que \u201choy necesitamos m\u00e1s que nunca una fuerza pol\u00edtica como la coalici\u00f3n de Juntos por el Cambio, m\u00e1s firme que nunca, con un plan de gobierno, que est\u00e9 preparada para gobernar; esa coalici\u00f3n necesita un radicalismo unido, que est\u00e9 de pie y que se anime a poner candidatos a presidente, gobernadores, intendentes, a hacerse cargo, este es el desaf\u00edo que tenemos\u201d.<\/p>\n","protected":false},"excerpt":{"rendered":"<p>De cara a las PASO 2023, en el Comit\u00e9 de la Uni\u00f3n C\u00edvica Radical de Vicente L\u00f3pez, distrito gobernado por la intendenta del PRO, Soledad Mart\u00ednez, estuvo presente Gerardo Morales, gobernador de Jujuy y presidente del Comit\u00e9 Nacional de la UCR. En esta oportunidad, acompa\u00f1ado por el presidente del comit\u00e9 local, Daniel Szurek, habl\u00f3 sobre [&hellip;]<\/p>\n","protected":false},"author":1,"featured_media":19960,"comment_status":"closed","ping_status":"closed","sticky":false,"template":"","format":"standard","meta":{"footnotes":""},"categories":[20,48,25],"tags":[215,98,102],"class_list":{"0":"post-19959","1":"post","2":"type-post","3":"status-publish","4":"format-standard","5":"has-post-thumbnail","7":"category-municipios","8":"category-politica-argentina","9":"category-vicente-lopez","10":"tag-gerardo-morales","11":"tag-juntos-por-el-cambio","12":"tag-ucr"},"aioseo_notices":[],"_links":{"self":[{"href":"https:\/\/guiadenoticias.com.ar\/diario\/wp-json\/wp\/v2\/posts\/19959","targetHints":{"allow":["GET"]}}],"collection":[{"href":"https:\/\/guiadenoticias.com.ar\/diario\/wp-json\/wp\/v2\/posts"}],"about":[{"href":"https:\/\/guiadenoticias.com.ar\/diario\/wp-json\/wp\/v2\/types\/post"}],"author":[{"embeddable":true,"href":"https:\/\/guiadenoticias.com.ar\/diario\/wp-json\/wp\/v2\/users\/1"}],"replies":[{"embeddable":true,"href":"https:\/\/guiadenoticias.com.ar\/diario\/wp-json\/wp\/v2\/comments?post=19959"}],"version-history":[{"count":1,"href":"https:\/\/guiadenoticias.com.ar\/diario\/wp-json\/wp\/v2\/posts\/19959\/revisions"}],"predecessor-version":[{"id":19961,"href":"https:\/\/guiadenoticias.com.ar\/diario\/wp-json\/wp\/v2\/posts\/19959\/revisions\/19961"}],"wp:featuredmedia":[{"embeddable":true,"href":"https:\/\/guiadenoticias.com.ar\/diario\/wp-json\/wp\/v2\/media\/19960"}],"wp:attachment":[{"href":"https:\/\/guiadenoticias.com.ar\/diario\/wp-json\/wp\/v2\/media?parent=19959"}],"wp:term":[{"taxonomy":"category","embeddable":true,"href":"https:\/\/guiadenoticias.com.ar\/diario\/wp-json\/wp\/v2\/categories?post=19959"},{"taxonomy":"post_tag","embeddable":true,"href":"https:\/\/guiadenoticias.com.ar\/diario\/wp-json\/wp\/v2\/tags?post=19959"}],"curies":[{"name":"wp","href":"https:\/\/api.w.org\/{rel}","templated":true}]}}