{"id":20045,"date":"2022-07-29T05:14:33","date_gmt":"2022-07-29T08:14:33","guid":{"rendered":"https:\/\/guiadenoticias.com.ar\/diario\/?p=20045"},"modified":"2022-07-30T05:14:59","modified_gmt":"2022-07-30T08:14:59","slug":"se-esperan-los-primeros-anuncios-del-super-massa","status":"publish","type":"post","link":"https:\/\/guiadenoticias.com.ar\/diario\/se-esperan-los-primeros-anuncios-del-super-massa\/","title":{"rendered":"Se esperan los primeros anuncios del s\u00faper Massa"},"content":{"rendered":"<p>Sergio Tom\u00e1s Massa asume el control del Palacio de Hacienda con la urgencia de anunciar un plan econ\u00f3mico cre\u00edble que logre estabilizar la econom\u00eda, baje la inflaci\u00f3n, reduzca la brecha cambiaria y achique el d\u00e9ficit fiscal. Para ello, deber\u00e1 anunciar medidas concretas para bajar el gasto, luego de que se cerraran todas las fuentes de financiamiento. El mi\u00e9rcoles pr\u00f3ximo se espera conocer las primeras medidas del nuevo ministro de Econom\u00eda, Agricultura y Producci\u00f3n, cuesti\u00f3n que implic\u00f3 el jueves movimientos de cargos y renuncias &#8211; la de B\u00e9liz, en malos t\u00e9rminos -.<\/p>\n<p>Por un lado, el mundo empresario se mueve entre la sorpresa y la expectativa ante la llegada de Massa. S\u00ed ten\u00edan claro que el actual presidente de la C\u00e1mara de Diputados ya hab\u00eda mostrado en varias ocasiones sus intenciones de formar parte del Gabinete, aunque no esperaban que esto se diera con tanta velocidad.<\/p>\n<p>\u00abBatakis asumi\u00f3 hace realmente poco, demasiado poco. Supon\u00edamos que podr\u00eda haber movimientos pero no ahora sino dentro un par de meses\u00bb, sostuvo un empresario de estrecho di\u00e1logo con el Gobierno. Sorprendente: con Batakis se repiti\u00f3 un esquema de recambio similar al empleado con Sol\u00e1.<\/p>\n<p>M\u00e1s all\u00e1 de esto, los industriales ven en Massa a una figura que podr\u00eda darle otro volumen a la gesti\u00f3n, sobre todo desde el apoyo pol\u00edtico &#8211; interno y externo- que suma, algo que sin dudas no acompa\u00f1\u00f3 ni a Mart\u00edn Guzm\u00e1n ni a Silvina Batakis.<\/p>\n<p>Dentro de este contexto, sin embargo, la expectativa est\u00e1 puesta en qui\u00e9nes lo acompa\u00f1ar\u00edan en una eventual gesti\u00f3n en Econom\u00eda, por lo que tampoco ven mal la posibilidad de que se haga cargo de toda estructura relacionada con ese segmento. Previamente, el martes renunciar\u00e1 a la presidencia de la C\u00e1mara de Diputados; algunos hicieron correr el nombre de Cecilia Moreau como la sucesora.<br \/>\nTema para analizar aparte es c\u00f3mo quedar\u00e1 distribuido el poder dentro del Frente de Todos y si cesar\u00e1n las disputas internas.<\/p>\n<p>Entre sus asesores se cree que el nuevo ministro buscar\u00e1 renegociar las metas con el FMI y lograr que el objetivo de d\u00e9ficit de 2,5% del PBI de este a\u00f1o se flexibilice a 3%, utilizando como argumento el impacto de la guerra en los precios de la energ\u00eda. Sin embargo, pese a esta mejora que podr\u00eda tener, el Gobierno deber\u00e1 ajustar el gasto para compensar la expansi\u00f3n del primer semestre.<\/p>\n<p>Los cambios en el gabinete nacional podr\u00edan continuar. El presidente Alberto Fern\u00e1ndez eval\u00faa la fusi\u00f3n de los ministerios que tienen bajo su \u00f3rbita la obra p\u00fablica. Seg\u00fan adelantaron fuentes oficiales, el mandatario, junto con Sergio Massa y Cristina Kirchner, analizan integrar Obras P\u00fablicas con Transporte, como parte de un \u201cplan de austeridad\u201d para achicar la estructura del Gobierno, que actualmente cuenta con 21 ministerios.<\/p>\n<p>Mientras corren los d\u00edas para presentar un plan, Massa se re\u00fane en b\u00fanker, en Retiro, con el titular Banco de Inversi\u00f3n y Comercio Exterior (Bice), Jos\u00e9 Ignacio de Mendiguren; el secretario de Relaciones Institucionales del Ministerio de Agricultura, Jorge Solmi; el actual jefe de gabinete de la Presidencia de la C\u00e1mara de Diputados, Ra\u00fal P\u00e9rez; el subdirector del Fondo de Garant\u00eda y Sustentabilidad de la Anses, Lisandro Cleri; el titular del Indec, Marco Lavagna; y el jefe de asesores de la Presidencia, Juan Manuel Olmos. Habr\u00e1 que acostumbrarse a algunos de esos nombres.<\/p>\n","protected":false},"excerpt":{"rendered":"<p>Sergio Tom\u00e1s Massa asume el control del Palacio de Hacienda con la urgencia de anunciar un plan econ\u00f3mico cre\u00edble que logre estabilizar la econom\u00eda, baje la inflaci\u00f3n, reduzca la brecha cambiaria y achique el d\u00e9ficit fiscal. Para ello, deber\u00e1 anunciar medidas concretas para bajar el gasto, luego de que se cerraran todas las fuentes de [&hellip;]<\/p>\n","protected":false},"author":1,"featured_media":20046,"comment_status":"closed","ping_status":"closed","sticky":false,"template":"","format":"standard","meta":{"footnotes":""},"categories":[49,30,48],"tags":[82,218,88,87],"class_list":{"0":"post-20045","1":"post","2":"type-post","3":"status-publish","4":"format-standard","5":"has-post-thumbnail","7":"category-economia-y-gremiales","8":"category-nacion","9":"category-politica-argentina","10":"tag-alberto-fernandez","11":"tag-crisis","12":"tag-cristina-fernandez","13":"tag-sergio-massa"},"aioseo_notices":[],"_links":{"self":[{"href":"https:\/\/guiadenoticias.com.ar\/diario\/wp-json\/wp\/v2\/posts\/20045","targetHints":{"allow":["GET"]}}],"collection":[{"href":"https:\/\/guiadenoticias.com.ar\/diario\/wp-json\/wp\/v2\/posts"}],"about":[{"href":"https:\/\/guiadenoticias.com.ar\/diario\/wp-json\/wp\/v2\/types\/post"}],"author":[{"embeddable":true,"href":"https:\/\/guiadenoticias.com.ar\/diario\/wp-json\/wp\/v2\/users\/1"}],"replies":[{"embeddable":true,"href":"https:\/\/guiadenoticias.com.ar\/diario\/wp-json\/wp\/v2\/comments?post=20045"}],"version-history":[{"count":1,"href":"https:\/\/guiadenoticias.com.ar\/diario\/wp-json\/wp\/v2\/posts\/20045\/revisions"}],"predecessor-version":[{"id":20047,"href":"https:\/\/guiadenoticias.com.ar\/diario\/wp-json\/wp\/v2\/posts\/20045\/revisions\/20047"}],"wp:featuredmedia":[{"embeddable":true,"href":"https:\/\/guiadenoticias.com.ar\/diario\/wp-json\/wp\/v2\/media\/20046"}],"wp:attachment":[{"href":"https:\/\/guiadenoticias.com.ar\/diario\/wp-json\/wp\/v2\/media?parent=20045"}],"wp:term":[{"taxonomy":"category","embeddable":true,"href":"https:\/\/guiadenoticias.com.ar\/diario\/wp-json\/wp\/v2\/categories?post=20045"},{"taxonomy":"post_tag","embeddable":true,"href":"https:\/\/guiadenoticias.com.ar\/diario\/wp-json\/wp\/v2\/tags?post=20045"}],"curies":[{"name":"wp","href":"https:\/\/api.w.org\/{rel}","templated":true}]}}