{"id":20091,"date":"2022-08-02T03:09:51","date_gmt":"2022-08-02T06:09:51","guid":{"rendered":"https:\/\/guiadenoticias.com.ar\/diario\/?p=20091"},"modified":"2022-08-17T03:12:37","modified_gmt":"2022-08-17T06:12:37","slug":"moreira-inauguro-las-obras-de-la-plaza-25-de-mayo","status":"publish","type":"post","link":"https:\/\/guiadenoticias.com.ar\/diario\/moreira-inauguro-las-obras-de-la-plaza-25-de-mayo\/","title":{"rendered":"Moreira inaugur\u00f3 las obras de la Plaza 25 de Mayo"},"content":{"rendered":"<p>El intendente de San Mart\u00edn, Fernando Moreira, present\u00f3 las nuevas obras de la Plaza 25 de Mayo en Villa Bonich junto con el ministro de Obras P\u00fablicas de la Naci\u00f3n, Gabriel Katopodis, en una jornada con espect\u00e1culos, juegos y actividades para las familias.<\/p>\n<p>Durante la inauguraci\u00f3n, el jefe comunal destac\u00f3: \u201cEs una alegr\u00eda ver la transformaci\u00f3n de esta plaza tan importante para Villa Bonich, realizada con una mirada inclusiva e integral, con instalaciones para todas las edades\u201d.<\/p>\n<p>Y agreg\u00f3 que \u201chace 10 a\u00f1os nos propusimos remodelar todos los espacios verdes de San Mart\u00edn, muchos de los cuales estaban abandonados, y estamos muy cerca de completarlo. Hoy s\u00f3lo nos falta la obra de la Plaza Mercedes Sosa de Loma Hermosa, que ya est\u00e1 planificada y empezar\u00e1 en pocos meses\u201d.<\/p>\n<p>En ese sentido, a trav\u00e9s del Plan Estrat\u00e9gico de Obras, el municipio puso en valor el sector de juegos, se colocaron nuevos pisos, senderos accesibles desde las cuatro esquinas, equipamiento urbano para el \u00e1rea de ejercicios e iluminaci\u00f3n LED. Adem\u00e1s, se realiz\u00f3 un patio con juegos especiales para chicas y chicos con autismo, y una cancha de tejo para las personas mayores.<\/p>\n<p>Los festejos incluyeron la presentaci\u00f3n del circo musical Los Rockan y distintas propuestas culturales y gastron\u00f3micas en el marco de la agenda de actividades de vacaciones de invierno.<\/p>\n<p>Por otra parte, Villa Bonich tendr\u00e1 una nueva plaza en el ex predio del Tiro Federal, un espacio recuperado por la Comuna que se encuentra en la primera etapa de puesta en valor.<\/p>\n<p>Asimismo avanza la creaci\u00f3n de un nuevo espacio p\u00fablico en Carcova, con playones deportivos, cancha de c\u00e9sped, patio de juegos infantiles, senderos aer\u00f3bicos, nueva iluminaci\u00f3n LED y equipamiento urbano.<\/p>\n<p>Estas obras se suman a la del Parque Yrigoyen, hito de la ciudad, que se convertir\u00e1 en un espacio p\u00fablico de vanguardia con nuevas \u00e1reas deportivas, de recreaci\u00f3n y de esparcimiento; senderos internos, patios tem\u00e1ticos para las infancias y las personas mayores y un Centro de Convenciones.<\/p>\n","protected":false},"excerpt":{"rendered":"<p>El intendente de San Mart\u00edn, Fernando Moreira, present\u00f3 las nuevas obras de la Plaza 25 de Mayo en Villa Bonich junto con el ministro de Obras P\u00fablicas de la Naci\u00f3n, Gabriel Katopodis, en una jornada con espect\u00e1culos, juegos y actividades para las familias. Durante la inauguraci\u00f3n, el jefe comunal destac\u00f3: \u201cEs una alegr\u00eda ver la [&hellip;]<\/p>\n","protected":false},"author":1,"featured_media":20092,"comment_status":"closed","ping_status":"closed","sticky":false,"template":"","format":"standard","meta":{"footnotes":""},"categories":[70,20,24],"tags":[74,85,144],"class_list":{"0":"post-20091","1":"post","2":"type-post","3":"status-publish","4":"format-standard","5":"has-post-thumbnail","7":"category-las-mas-leidas","8":"category-municipios","9":"category-san-martin","10":"tag-fernando-moreira","11":"tag-gabriel-katopodis","12":"tag-obras-publicas"},"aioseo_notices":[],"_links":{"self":[{"href":"https:\/\/guiadenoticias.com.ar\/diario\/wp-json\/wp\/v2\/posts\/20091","targetHints":{"allow":["GET"]}}],"collection":[{"href":"https:\/\/guiadenoticias.com.ar\/diario\/wp-json\/wp\/v2\/posts"}],"about":[{"href":"https:\/\/guiadenoticias.com.ar\/diario\/wp-json\/wp\/v2\/types\/post"}],"author":[{"embeddable":true,"href":"https:\/\/guiadenoticias.com.ar\/diario\/wp-json\/wp\/v2\/users\/1"}],"replies":[{"embeddable":true,"href":"https:\/\/guiadenoticias.com.ar\/diario\/wp-json\/wp\/v2\/comments?post=20091"}],"version-history":[{"count":1,"href":"https:\/\/guiadenoticias.com.ar\/diario\/wp-json\/wp\/v2\/posts\/20091\/revisions"}],"predecessor-version":[{"id":20093,"href":"https:\/\/guiadenoticias.com.ar\/diario\/wp-json\/wp\/v2\/posts\/20091\/revisions\/20093"}],"wp:featuredmedia":[{"embeddable":true,"href":"https:\/\/guiadenoticias.com.ar\/diario\/wp-json\/wp\/v2\/media\/20092"}],"wp:attachment":[{"href":"https:\/\/guiadenoticias.com.ar\/diario\/wp-json\/wp\/v2\/media?parent=20091"}],"wp:term":[{"taxonomy":"category","embeddable":true,"href":"https:\/\/guiadenoticias.com.ar\/diario\/wp-json\/wp\/v2\/categories?post=20091"},{"taxonomy":"post_tag","embeddable":true,"href":"https:\/\/guiadenoticias.com.ar\/diario\/wp-json\/wp\/v2\/tags?post=20091"}],"curies":[{"name":"wp","href":"https:\/\/api.w.org\/{rel}","templated":true}]}}