{"id":20097,"date":"2022-08-03T03:46:33","date_gmt":"2022-08-03T06:46:33","guid":{"rendered":"https:\/\/guiadenoticias.com.ar\/diario\/?p=20097"},"modified":"2022-08-04T03:46:58","modified_gmt":"2022-08-04T06:46:58","slug":"comenzo-formalmente-la-era-massa-en-el-gobierno","status":"publish","type":"post","link":"https:\/\/guiadenoticias.com.ar\/diario\/comenzo-formalmente-la-era-massa-en-el-gobierno\/","title":{"rendered":"Comenz\u00f3 formalmente la era Massa en el Gobierno"},"content":{"rendered":"<p>El flamante ministro de Econom\u00eda, Sergio Massa, tom\u00f3 posesi\u00f3n del cargo este mi\u00e9rcoles, en la jura ante el presidente Alberto Fern\u00e1ndez, y acto seguido, en conferencia de prensa dio a conocer las nuevas medidas que implementar\u00e1 en los pr\u00f3ximos d\u00edas para reencausar la econom\u00eda en un momento de crisis cambiaria y de ca\u00edda de las reservas del BCRA.<\/p>\n<p>Massa se incorpor\u00f3 al gabinete nacional en reemplazo de Silvina Batakis &#8211; que permaneci\u00f3 casi un mes en el cargo -, con el objetivo de aplacar la corrida de los d\u00f3lares paralelos, llevar calma a los mercados y buscar una salida al momento que atraviesa el pa\u00eds.<\/p>\n<p>Entre los puntos m\u00e1s importantes del plan del tigrense se encuentran la recuperaci\u00f3n de las reservas y la reducci\u00f3n del d\u00e9ficit para cumplir con las pautas propuestas en el acuerdo firmado con el Fondo Monetario Internacional.<\/p>\n<p>\u00abVamos a mirar lo econ\u00f3mico-productivo parado en dos ejes. Uno vinculado a principios y otro a motores. En cuanto a los principios: orden fiscal, super\u00e1vit comercial, fortalecimiento de reservas y desarrollo con inclusi\u00f3n. En cuanto a los motores: inversi\u00f3n, producci\u00f3n, exportaciones y defensa del mercado interno\u00bb, anunci\u00f3.<\/p>\n<p>El ex presidente de Diputados adelant\u00f3 que \u201cvamos a cumplir con la meta del 2,5% del d\u00e9ficit. Vamos a hacer todas las correcciones necesarias\u201d. Por otro lado, ante la necesidad de d\u00f3lares en el Banco Central comento, \u00able di la instrucci\u00f3n la secretario de Hacienda de no utilizar el saldo de adelantos del Tesoro para lo que resta del a\u00f1o. Asimismo, el lunes se har\u00e1 un reintegro al BCRA por 10 mil millones, camino de cancelaci\u00f3n que procuraremos continuar\u00bb.<\/p>\n<p>Adem\u00e1s, sobre el fortalecimiento de reservas mencion\u00f3, \u00abhemos acordado un adelanto de exportaciones, con las cadenas de valor de la pesca, del agro, de la miner\u00eda y otros, que ingresar\u00e1n en los pr\u00f3ximos 60 d\u00edas por un total de 5000 millones de d\u00f3lares, que pasar\u00e1n a engrosar las reservas del BCRA\u00bb. En ese punto no brind\u00f3 mayores detalles sobre el acuerdo.<\/p>\n<p>En cuanto al v\u00ednculo con el FMI para fortalecer reservas, Massa dijo que \u00abtuvimos hoy una primera reuni\u00f3n de trabajo para continuar con los desembolsos previstos y encarar los desaf\u00edos\u00bb.<\/p>\n<p>Confirm\u00f3 que habr\u00e1 un congelamiento de la planta del Estado nacional y control en las diversas jurisdicciones. Habl\u00f3 tambi\u00e9n de la quita de subsidios a la electricidad y el gas. Anticipo para septiembre un incremento en el servicio de Aysa. Ante los problemas de abastecimiento interno remarc\u00f3 que se licitar\u00e1 el segundo tramo del gasoducto N\u00e9stor Kirchner &#8211; una de las \u00faltimas firmas de Batakis -.<\/p>\n<p>Una de las metas del s\u00faper ministro es generar super\u00e1vit comercial. En ese sentido, dijo: \u201cVamos a promover y defender cada d\u00f3lar de cada argentino (&#8230;). Vamos a promover por DNU reg\u00edmenes para agroindustria, miner\u00eda, hidrocarburos por aumento de producci\u00f3n y econom\u00eda del conocimiento, con beneficios\u00bb.<\/p>\n<p>En otro orden, apunt\u00f3 a \u201ctriangulaci\u00f3n de subfacturaci\u00f3n de exportaciones y sobrefacturaci\u00f3n de importaciones\u201d, situaci\u00f3n que hasta podr\u00eda judicializarse.<\/p>\n<p><em>PELEA A LA INFLACI\u00d3N<\/em><\/p>\n<p>En ese contexto, el ministro anticip\u00f3 que \u201cel 10 de agosto vamos a anunciar el \u00edndice de movilidad jubilatoria con un refuerzo que ayude a los jubilados a superar el da\u00f1o que les produce la inflaci\u00f3n\u00bb.<\/p>\n<p>\u00abVamos a convocar el jueves de la semana que viene a entidades empresarias y de trabajadores a los efectos de asegurar un mecanismo que permita recuperar ingresos en trabajadores del sector privado, que incluye la mejora de las asignaciones familiares\u00bb, se\u00f1al\u00f3.<\/p>\n<p>Consultado por la prensa por el reordenamiento de los programas sociales, indic\u00f3: \u00abEncararemos una pol\u00edtica de reordenamiento de los planes sociales durante los pr\u00f3ximos 12 meses, poniendo foco en tres ejes. Vuelta al mercado de trabajo, fortalecimiento de cooperativas y protecci\u00f3n en caso de situaciones de vulnerabilidad\u00bb. Desarrollo Social implementar\u00e1 auditor\u00eda con Universidades. Qui\u00e9n no cumpla ver\u00e1 paralizado su programa.<\/p>\n<p>Convoc\u00f3 al Congreso para \u201cel r\u00e1pido tratamiento de las leyes que benefician en t\u00e9rminos impositivos a la Construcci\u00f3n, a la Bio-Nanotecnolog\u00eda, a la agroindustria y a la industria automotriz\u00bb porque \u00abson grandes generadores de empleo y crecimiento\u00bb; y en paralelo a la Mesa de Enlace \u00abpara sentarnos a trabajar juntos para el desarrollo de ese sector tan potente que integran los productores argentinos\u00bb.<\/p>\n<p><em>SECTORES EXPORTADORES Y D\u00d3LAR<\/em><\/p>\n<p>Respecto a los derechos a la exportaci\u00f3n que aplican sobre las materias primas agrarias, Massa manifest\u00f3 que se acord\u00f3 con el nuevo secretario de Agricultura \u00abuna convocatoria al sector para ponernos a trabajar\u00bb, y se\u00f1al\u00f3 que el Gobierno est\u00e1 abierto a una negociaci\u00f3n.<\/p>\n<p>Sobre el final, el ministro se refiri\u00f3 a la brecha cambiaria y a la evoluci\u00f3n del tipo de cambio oficial. Destac\u00f3 que la planificaci\u00f3n macroecon\u00f3mica anunciada \u00abes para corregir distorsiones\u00bb, pero dej\u00f3 en claro que \u00abno se hacen ni en un d\u00eda, ni en dos. Se hace en un plazo y con objetivos. Se hacen sobre la base del fortalecimiento de las reservas del BCRA\u00bb.<\/p>\n<p>Y descart\u00f3 la posibilidad de implementar medidas de depreciaci\u00f3n del peso, por los efectos negativos que producen sobre la poblaci\u00f3n. \u00abLos shocks devaluatorios lo \u00fanico que producen es pobreza y una enorme transferencia de recursos\u00bb, afirm\u00f3.<\/p>\n","protected":false},"excerpt":{"rendered":"<p>El flamante ministro de Econom\u00eda, Sergio Massa, tom\u00f3 posesi\u00f3n del cargo este mi\u00e9rcoles, en la jura ante el presidente Alberto Fern\u00e1ndez, y acto seguido, en conferencia de prensa dio a conocer las nuevas medidas que implementar\u00e1 en los pr\u00f3ximos d\u00edas para reencausar la econom\u00eda en un momento de crisis cambiaria y de ca\u00edda de las [&hellip;]<\/p>\n","protected":false},"author":1,"featured_media":20098,"comment_status":"closed","ping_status":"closed","sticky":false,"template":"","format":"standard","meta":{"footnotes":""},"categories":[49,30,48],"tags":[82,218,104,87],"class_list":{"0":"post-20097","1":"post","2":"type-post","3":"status-publish","4":"format-standard","5":"has-post-thumbnail","7":"category-economia-y-gremiales","8":"category-nacion","9":"category-politica-argentina","10":"tag-alberto-fernandez","11":"tag-crisis","12":"tag-frente-de-todos","13":"tag-sergio-massa"},"aioseo_notices":[],"_links":{"self":[{"href":"https:\/\/guiadenoticias.com.ar\/diario\/wp-json\/wp\/v2\/posts\/20097","targetHints":{"allow":["GET"]}}],"collection":[{"href":"https:\/\/guiadenoticias.com.ar\/diario\/wp-json\/wp\/v2\/posts"}],"about":[{"href":"https:\/\/guiadenoticias.com.ar\/diario\/wp-json\/wp\/v2\/types\/post"}],"author":[{"embeddable":true,"href":"https:\/\/guiadenoticias.com.ar\/diario\/wp-json\/wp\/v2\/users\/1"}],"replies":[{"embeddable":true,"href":"https:\/\/guiadenoticias.com.ar\/diario\/wp-json\/wp\/v2\/comments?post=20097"}],"version-history":[{"count":1,"href":"https:\/\/guiadenoticias.com.ar\/diario\/wp-json\/wp\/v2\/posts\/20097\/revisions"}],"predecessor-version":[{"id":20099,"href":"https:\/\/guiadenoticias.com.ar\/diario\/wp-json\/wp\/v2\/posts\/20097\/revisions\/20099"}],"wp:featuredmedia":[{"embeddable":true,"href":"https:\/\/guiadenoticias.com.ar\/diario\/wp-json\/wp\/v2\/media\/20098"}],"wp:attachment":[{"href":"https:\/\/guiadenoticias.com.ar\/diario\/wp-json\/wp\/v2\/media?parent=20097"}],"wp:term":[{"taxonomy":"category","embeddable":true,"href":"https:\/\/guiadenoticias.com.ar\/diario\/wp-json\/wp\/v2\/categories?post=20097"},{"taxonomy":"post_tag","embeddable":true,"href":"https:\/\/guiadenoticias.com.ar\/diario\/wp-json\/wp\/v2\/tags?post=20097"}],"curies":[{"name":"wp","href":"https:\/\/api.w.org\/{rel}","templated":true}]}}