{"id":20175,"date":"2022-08-21T22:00:23","date_gmt":"2022-08-22T01:00:23","guid":{"rendered":"https:\/\/guiadenoticias.com.ar\/diario\/?p=20175"},"modified":"2022-08-22T00:23:13","modified_gmt":"2022-08-22T03:23:13","slug":"massa-sumo-a-gabriel-rubinstein-como-viceministro","status":"publish","type":"post","link":"https:\/\/guiadenoticias.com.ar\/diario\/massa-sumo-a-gabriel-rubinstein-como-viceministro\/","title":{"rendered":"Massa sum\u00f3 a Gabriel Rubinstein como viceministro"},"content":{"rendered":"<p>El ministro de Econom\u00eda, Sergio Massa, confirm\u00f3 este domingo que Gabriel Rubinstein ser\u00e1 el nuevo secretario de Programaci\u00f3n Econ\u00f3mica. El anuncio se da despu\u00e9s de conocerse el ajuste de 200.000 millones de pesos que analiza el Palacio de Hacienda hasta fines de 2022, para cumplir con las metas del Fondo Monetario Internacional (FMI).<\/p>\n<p>A menos de 20 d\u00edas de asumir, el ex titular de la C\u00e1mara de Diputados confirm\u00f3 que el economista y consultor lo secundar\u00e1 al frente del Palacio de Hacienda. Su nombre sonaba con fuerza desde la llegada de Massa a la cartera econ\u00f3mica, pero era resistido por su pol\u00edtica fiscal.<\/p>\n<p>Sin embargo, Massa lo anunci\u00f3 de otra forma en su cuenta de Twitter. \u00abHace algunos d\u00edas empezamos el trabajo en el Ministerio de Econom\u00eda. Para confirmar el secretario de Programaci\u00f3n Econ\u00f3mica debimos esperar a que quien elegimos resolviera un tema familiar y disolviera sus responsabilidades contractuales incompatibles con la funci\u00f3n p\u00fablica\u00bb.<\/p>\n<p>Y agreg\u00f3: \u00abFinalizados estos tr\u00e1mites y gestiones, desde ma\u00f1ana se integra formalmente al equipo del Ministerio de Econom\u00eda, Gabriel Rubinstein como nuevo secretario de Programaci\u00f3n Econ\u00f3mica\u00bb.<\/p>\n<p>Por su parte, el nuevo secretario de Programaci\u00f3n Econ\u00f3mica se expres\u00f3 tambi\u00e9n en Twitter: \u00abQuiero agradecer a Sergio Massa la confianza depositada en m\u00ed. Con profesionalismo y pasi\u00f3n, brindar\u00e9 lo mejor, frente a los desaf\u00edos que nos toca enfrentar\u00bb.<\/p>\n<p>El nuevo funcionario tambi\u00e9n aprovech\u00f3 la ocasi\u00f3n para referirse a sus dichos sobre el kirchnerismo y la vicepresidenta Cristina Fern\u00e1ndez de Kirchner, \u00abquiero destacar, adem\u00e1s, la amplitud del Gobierno de incorporarme al equipo a pesar de comentarios agraviantes de mi parte en redes sociales que no correspond\u00eda efectuar\u00bb.<\/p>\n","protected":false},"excerpt":{"rendered":"<p>El ministro de Econom\u00eda, Sergio Massa, confirm\u00f3 este domingo que Gabriel Rubinstein ser\u00e1 el nuevo secretario de Programaci\u00f3n Econ\u00f3mica. El anuncio se da despu\u00e9s de conocerse el ajuste de 200.000 millones de pesos que analiza el Palacio de Hacienda hasta fines de 2022, para cumplir con las metas del Fondo Monetario Internacional (FMI). A menos [&hellip;]<\/p>\n","protected":false},"author":1,"featured_media":20176,"comment_status":"closed","ping_status":"closed","sticky":false,"template":"","format":"standard","meta":{"footnotes":""},"categories":[49,30,48],"tags":[123,104,87],"class_list":{"0":"post-20175","1":"post","2":"type-post","3":"status-publish","4":"format-standard","5":"has-post-thumbnail","7":"category-economia-y-gremiales","8":"category-nacion","9":"category-politica-argentina","10":"tag-economia","11":"tag-frente-de-todos","12":"tag-sergio-massa"},"aioseo_notices":[],"_links":{"self":[{"href":"https:\/\/guiadenoticias.com.ar\/diario\/wp-json\/wp\/v2\/posts\/20175","targetHints":{"allow":["GET"]}}],"collection":[{"href":"https:\/\/guiadenoticias.com.ar\/diario\/wp-json\/wp\/v2\/posts"}],"about":[{"href":"https:\/\/guiadenoticias.com.ar\/diario\/wp-json\/wp\/v2\/types\/post"}],"author":[{"embeddable":true,"href":"https:\/\/guiadenoticias.com.ar\/diario\/wp-json\/wp\/v2\/users\/1"}],"replies":[{"embeddable":true,"href":"https:\/\/guiadenoticias.com.ar\/diario\/wp-json\/wp\/v2\/comments?post=20175"}],"version-history":[{"count":1,"href":"https:\/\/guiadenoticias.com.ar\/diario\/wp-json\/wp\/v2\/posts\/20175\/revisions"}],"predecessor-version":[{"id":20177,"href":"https:\/\/guiadenoticias.com.ar\/diario\/wp-json\/wp\/v2\/posts\/20175\/revisions\/20177"}],"wp:featuredmedia":[{"embeddable":true,"href":"https:\/\/guiadenoticias.com.ar\/diario\/wp-json\/wp\/v2\/media\/20176"}],"wp:attachment":[{"href":"https:\/\/guiadenoticias.com.ar\/diario\/wp-json\/wp\/v2\/media?parent=20175"}],"wp:term":[{"taxonomy":"category","embeddable":true,"href":"https:\/\/guiadenoticias.com.ar\/diario\/wp-json\/wp\/v2\/categories?post=20175"},{"taxonomy":"post_tag","embeddable":true,"href":"https:\/\/guiadenoticias.com.ar\/diario\/wp-json\/wp\/v2\/tags?post=20175"}],"curies":[{"name":"wp","href":"https:\/\/api.w.org\/{rel}","templated":true}]}}